{"id":4275,"date":"2010-09-27T15:56:39","date_gmt":"2010-09-27T15:56:39","guid":{"rendered":"http:\/\/127.0.0.1\/wordpress87\/?p=703"},"modified":"2010-09-27T15:56:39","modified_gmt":"2010-09-27T15:56:39","slug":"point-negociations-collectives-recents-comptes-rendus-dans-medias","status":"publish","type":"post","link":"https:\/\/www.acfo-acaf.com\/fr\/point-negociations-collectives-recents-comptes-rendus-dans-medias\/","title":{"rendered":"Le point sur les n\u00e9gociations collectives : les r\u00e9cents comptes rendus dans les m\u00e9dias"},"content":{"rendered":"<p>La semaine derni\u00e8re, le gouvernement f\u00e9d\u00e9ral a offert de n\u00e9gocier les salaires avec l\u2019Alliance de la fonction publique du Canada (AFPC) et l\u2019Institut professionnel de la fonction publique du Canada (IPFPC) avant l\u2019expiration de leurs conventions collectives respectives.<\/p>\n<p>Selon des comptes rendus, les n\u00e9gociations doivent d\u00e9buter imm\u00e9diatement et il pourrait y avoir des ententes d\u2019ici quelques semaines.<\/p>\n<p>Nous profitons de l\u2019occasion pour vous aviser que ce d\u00e9veloppement ne devrait pas avoir d\u2019incidence sur les n\u00e9gociations actuellement en cours entre l\u2019ACAF et le Conseil du Tr\u00e9sor. Des dates de n\u00e9gociation sont d\u00e9j\u00e0 pr\u00e9vues pour octobre 2010, et nous poursuivrons nos pourparlers avec le Conseil du Tr\u00e9sor, concernant notamment la dur\u00e9e de la prochaine convention collective, et ils pourraient aussi porter sur une offre salariale de plusieurs ann\u00e9es que l\u2019employeur pourrait pr\u00e9senter et qui serait semblable \u00e0 celles qui font l\u2019objet de discussions avec l\u2019AFPC et l\u2019IPFPC.<\/p>\n<p>Nous comprenons les contraintes de la conjoncture \u00e9conomique actuelle qui ont incit\u00e9 le gouvernement f\u00e9d\u00e9ral \u00e0 pr\u00e9senter une offre aux deux plus importants agents n\u00e9gociateurs de fonctionnaires f\u00e9d\u00e9raux, mais l\u2019ACAF reste fid\u00e8le \u00e0 l\u2019engagement qu\u2019elle a pris de d\u00e9ployer tous les efforts voulus pour n\u00e9gocier une entente pratique et \u00e9quitable pour la communaut\u00e9 FI.<\/p>\n<p>Si vous avez des questions ou besoin de renseignements suppl\u00e9mentaires, veuillez communiquer avec\u00a0<a href=\"http:\/\/www.acfo-acaf.com\/mailto:schamberlain@acfo-acaf.com\">Scott Chamberlain<\/a>\u00a0ou\u00a0<a href=\"http:\/\/www.acfo-acaf.com\/mailto:vringuette@acfo-acaf.com\">Vicky Ringuette<\/a>\u00a0au 613-728-0695.<\/p>\n","protected":false},"excerpt":{"rendered":"<p>La semaine derni\u00e8re, le gouvernement f\u00e9d\u00e9ral a offert de n\u00e9gocier les salaires avec l\u2019Alliance de la fonction publique du Canada [&hellip;]<\/p>\n","protected":false},"author":0,"featured_media":0,"comment_status":"closed","ping_status":"closed","sticky":false,"template":"","format":"standard","meta":{"_acf_changed":false,"footnotes":""},"categories":[20],"tags":[],"class_list":["post-4275","post","type-post","status-publish","format-standard","hentry","category-negociation-collective"],"acf":{"categories":[20],"groups":false,"canBeFeatured":false},"_links":{"self":[{"href":"https:\/\/www.acfo-acaf.com\/fr\/wp-json\/wp\/v2\/posts\/4275","targetHints":{"allow":["GET"]}}],"collection":[{"href":"https:\/\/www.acfo-acaf.com\/fr\/wp-json\/wp\/v2\/posts"}],"about":[{"href":"https:\/\/www.acfo-acaf.com\/fr\/wp-json\/wp\/v2\/types\/post"}],"replies":[{"embeddable":true,"href":"https:\/\/www.acfo-acaf.com\/fr\/wp-json\/wp\/v2\/comments?post=4275"}],"version-history":[{"count":0,"href":"https:\/\/www.acfo-acaf.com\/fr\/wp-json\/wp\/v2\/posts\/4275\/revisions"}],"acf:term":[{"embeddable":true,"taxonomy":"category","href":"https:\/\/www.acfo-acaf.com\/fr\/wp-json\/wp\/v2\/categories\/20"}],"wp:attachment":[{"href":"https:\/\/www.acfo-acaf.com\/fr\/wp-json\/wp\/v2\/media?parent=4275"}],"wp:term":[{"taxonomy":"category","embeddable":true,"href":"https:\/\/www.acfo-acaf.com\/fr\/wp-json\/wp\/v2\/categories?post=4275"},{"taxonomy":"post_tag","embeddable":true,"href":"https:\/\/www.acfo-acaf.com\/fr\/wp-json\/wp\/v2\/tags?post=4275"}],"curies":[{"name":"wp","href":"https:\/\/api.w.org\/{rel}","templated":true}]}}