{"id":4279,"date":"2010-08-17T12:23:10","date_gmt":"2010-08-17T12:23:10","guid":{"rendered":"http:\/\/127.0.0.1\/wordpress87\/?p=936"},"modified":"2010-08-17T12:23:10","modified_gmt":"2010-08-17T12:23:10","slug":"cours-formation-bcg-l-intention-fi","status":"publish","type":"post","link":"https:\/\/www.acfo-acaf.com\/fr\/cours-formation-bcg-l-intention-fi\/","title":{"rendered":"Cours de formation du BCG \u00e0 l&rsquo;intention des FI"},"content":{"rendered":"<p>L&rsquo;\u00c9cole de la fonction publique du Canada et le Bureau du contr\u00f4leur g\u00e9n\u00e9ral (BCG) ont \u00e9labor\u00e9 de concert un nouveau programme de connaissances et de comp\u00e9tences essentielles \u00e0 l&rsquo;intention des professionnels de la gestion financi\u00e8re du groupe FI. Les cours visent \u00e0 renforcer la saine gestion des finances et des risques et \u00e0 renouveler la politique de gestion financi\u00e8re.<\/p>\n<p>Tous les fonctionnaires qui font actuellement partie du groupe professionnel FI et de l&rsquo;administration publique centrale et qui comptent\u00a0<strong>moins de cinq (5) ans d&rsquo;exp\u00e9rience dans ce groupe<\/strong>\u00a0au 1\u00a0septembre 2010 sont tenus de suivre avec succ\u00e8s les cours de formation suivants dans un d\u00e9lai de trois ans\u00a0:<\/p>\n<p><a href=\"http:\/\/www.csps-efpc.gc.ca\/cat\/det-fra.asp?courseno=F111\">F111 &#8211; Cadres de contr\u00f4le de la gestion financi\u00e8re\u00a0<\/a>(3 jours)<br \/>\n<a href=\"http:\/\/www.csps-efpc.gc.ca\/cat\/det-fra.asp?courseno=F112\">F112 &#8211; Cycle de planification, de budg\u00e9tisation, d&rsquo;\u00e9tablissement de rapports et d&rsquo;\u00e9valuation du gouvernement<\/a>\u00a0(2 jours)<br \/>\n<a href=\"http:\/\/www.csps-efpc.gc.ca\/cat\/det-fra.asp?courseno=F113\">F113 &#8211; Syst\u00e8mes de gestion financi\u00e8re\u00a0<\/a>(2 jours)<\/p>\n<p>Vous pouvez obtenir de plus amples renseignements du coordonnateur ou de la coordonnatrice de la formation de votre minist\u00e8re ou du BCG.<\/p>\n<p>L&rsquo;ACAF est depuis longtemps consciente de la n\u00e9cessit\u00e9 de renforcer les comp\u00e9tences de gestion financi\u00e8re dans la fonction publique. Le programme, \u00e9labor\u00e9 en consultation avec l&rsquo;ACAF, offre un solide fondement pour l&rsquo;accroissement de l&rsquo;efficacit\u00e9 de la collectivit\u00e9 des FI.<\/p>\n<p>L&rsquo;ACAF estime qu&rsquo;outre cette formation de base destin\u00e9e aux nouveaux FI, un cadre de formation professionnelle \u00e9toff\u00e9 et bien nanti s&rsquo;impose pour faire en sorte que tous les FI puissent constamment apprendre et se perfectionner.<\/p>\n<p>\u00c9tant donn\u00e9 que cette initiative sera exclusivement financ\u00e9e \u00e0 m\u00eame les budgets de formation des minist\u00e8res, l&rsquo;ACAF continuera d&rsquo;intervenir pour votre compte aupr\u00e8s des minist\u00e8res et du BCG et \u00e0 la table de n\u00e9gociation afin d&rsquo;obtenir des augmentations des budgets de formation et des d\u00e9bouch\u00e9s pour les FI \u00e0 tous les niveaux.<\/p>\n","protected":false},"excerpt":{"rendered":"<p>L&rsquo;\u00c9cole de la fonction publique du Canada et le Bureau du contr\u00f4leur g\u00e9n\u00e9ral (BCG) ont \u00e9labor\u00e9 de concert un nouveau [&hellip;]<\/p>\n","protected":false},"author":0,"featured_media":0,"comment_status":"closed","ping_status":"closed","sticky":false,"template":"","format":"standard","meta":{"_acf_changed":false,"footnotes":""},"categories":[38],"tags":[],"class_list":["post-4279","post","type-post","status-publish","format-standard","hentry","category-mise-jour"],"acf":{"categories":[38],"groups":false,"canBeFeatured":false},"_links":{"self":[{"href":"https:\/\/www.acfo-acaf.com\/fr\/wp-json\/wp\/v2\/posts\/4279","targetHints":{"allow":["GET"]}}],"collection":[{"href":"https:\/\/www.acfo-acaf.com\/fr\/wp-json\/wp\/v2\/posts"}],"about":[{"href":"https:\/\/www.acfo-acaf.com\/fr\/wp-json\/wp\/v2\/types\/post"}],"replies":[{"embeddable":true,"href":"https:\/\/www.acfo-acaf.com\/fr\/wp-json\/wp\/v2\/comments?post=4279"}],"version-history":[{"count":0,"href":"https:\/\/www.acfo-acaf.com\/fr\/wp-json\/wp\/v2\/posts\/4279\/revisions"}],"acf:term":[{"embeddable":true,"taxonomy":"category","href":"https:\/\/www.acfo-acaf.com\/fr\/wp-json\/wp\/v2\/categories\/38"}],"wp:attachment":[{"href":"https:\/\/www.acfo-acaf.com\/fr\/wp-json\/wp\/v2\/media?parent=4279"}],"wp:term":[{"taxonomy":"category","embeddable":true,"href":"https:\/\/www.acfo-acaf.com\/fr\/wp-json\/wp\/v2\/categories?post=4279"},{"taxonomy":"post_tag","embeddable":true,"href":"https:\/\/www.acfo-acaf.com\/fr\/wp-json\/wp\/v2\/tags?post=4279"}],"curies":[{"name":"wp","href":"https:\/\/api.w.org\/{rel}","templated":true}]}}