{"id":4315,"date":"2009-12-23T12:04:00","date_gmt":"2009-12-23T12:04:00","guid":{"rendered":"http:\/\/127.0.0.1\/wordpress87\/?p=942"},"modified":"2009-12-23T12:04:00","modified_gmt":"2009-12-23T12:04:00","slug":"point-negociations-collectives-413","status":"publish","type":"post","link":"https:\/\/www.acfo-acaf.com\/fr\/point-negociations-collectives-413\/","title":{"rendered":"Le point sur les n\u00e9gociations collectives"},"content":{"rendered":"<p>Du 14 au 17 d\u00e9cembre, les \u00e9quipes de l&rsquo;ACAF et du Conseil du Tr\u00e9sor se sont rencontr\u00e9es pour quatre journ\u00e9es de n\u00e9gociations collectives. Elles ont discut\u00e9 en profondeur de toutes les revendications et propositions. Bien que la <em>Loi sur le contr\u00f4le des d\u00e9penses<\/em>\u00a0continue \u00e0 limiter la capacit\u00e9 de l&rsquo;\u00e9quipe de n\u00e9gociation de n\u00e9gocier des gains mon\u00e9taires, les parties sont parvenues \u00e0 se rapprocher d&rsquo;une entente sur un certain nombre d&rsquo;avantages qui devraient am\u00e9liorer la conciliation vie-travail pour la communaut\u00e9.<\/p>\n<p>Les prochaines s\u00e9ances de n\u00e9gociation sont pr\u00e9vues pour janvier.<\/p>\n<p><strong>NAV CANADA<\/strong><\/p>\n<p>L&rsquo;\u00e9quipe de n\u00e9gociation de NAV CANADA a tenu ses premi\u00e8res s\u00e9ances de n\u00e9gociation avec l&#8217;employeur du 9 au 11 d\u00e9cembre. Les parties se sont entendues sur la plupart des revendications et propositions, et on pr\u00e9voit que les n\u00e9gociations reprendront et se concluront \u00e0 la fin janvier.<\/p>\n<p>L&rsquo;ACAF remercie de leur travail ardu en 2009 tous les membres et les employ\u00e9s qui se sont port\u00e9s volontaires pour faire partie des \u00e9quipes de n\u00e9gociation et elle esp\u00e8re que les n\u00e9gociations aboutiront dans les deux cas \u00e0 une entente de principe au d\u00e9but de la nouvelle ann\u00e9e.<\/p>\n<p>Si vous avez des questions \u00e0 poser ou d\u00e9sirez de plus amples renseignements, veuillez adresser un courriel \u00e0 Scott Chamberlain (<a href=\"http:\/\/www.acfo-acaf.com\/mailto:schamberlain@acfo-acaf.com\">schamberlain@acfo-acaf.com<\/a>) ou \u00e0 Vicky Ringuette (vringuette @ acfo-acaf.com), ou communiquer avec Vicky au 613-728-0695.<\/p>\n","protected":false},"excerpt":{"rendered":"<p>Du 14 au 17 d\u00e9cembre, les \u00e9quipes de l&rsquo;ACAF et du Conseil du Tr\u00e9sor se sont rencontr\u00e9es pour quatre journ\u00e9es [&hellip;]<\/p>\n","protected":false},"author":0,"featured_media":0,"comment_status":"closed","ping_status":"closed","sticky":false,"template":"","format":"standard","meta":{"_acf_changed":false,"footnotes":""},"categories":[20],"tags":[],"class_list":["post-4315","post","type-post","status-publish","format-standard","hentry","category-negociation-collective"],"acf":{"categories":[20],"groups":false,"canBeFeatured":false},"_links":{"self":[{"href":"https:\/\/www.acfo-acaf.com\/fr\/wp-json\/wp\/v2\/posts\/4315","targetHints":{"allow":["GET"]}}],"collection":[{"href":"https:\/\/www.acfo-acaf.com\/fr\/wp-json\/wp\/v2\/posts"}],"about":[{"href":"https:\/\/www.acfo-acaf.com\/fr\/wp-json\/wp\/v2\/types\/post"}],"replies":[{"embeddable":true,"href":"https:\/\/www.acfo-acaf.com\/fr\/wp-json\/wp\/v2\/comments?post=4315"}],"version-history":[{"count":0,"href":"https:\/\/www.acfo-acaf.com\/fr\/wp-json\/wp\/v2\/posts\/4315\/revisions"}],"acf:term":[{"embeddable":true,"taxonomy":"category","href":"https:\/\/www.acfo-acaf.com\/fr\/wp-json\/wp\/v2\/categories\/20"}],"wp:attachment":[{"href":"https:\/\/www.acfo-acaf.com\/fr\/wp-json\/wp\/v2\/media?parent=4315"}],"wp:term":[{"taxonomy":"category","embeddable":true,"href":"https:\/\/www.acfo-acaf.com\/fr\/wp-json\/wp\/v2\/categories?post=4315"},{"taxonomy":"post_tag","embeddable":true,"href":"https:\/\/www.acfo-acaf.com\/fr\/wp-json\/wp\/v2\/tags?post=4315"}],"curies":[{"name":"wp","href":"https:\/\/api.w.org\/{rel}","templated":true}]}}