{"id":4323,"date":"2009-11-04T18:21:48","date_gmt":"2009-11-04T18:21:48","guid":{"rendered":"http:\/\/127.0.0.1\/wordpress87\/?p=698"},"modified":"2009-11-04T18:21:48","modified_gmt":"2009-11-04T18:21:48","slug":"collective-bargaining-update-productive-first-week-meetings-357","status":"publish","type":"post","link":"https:\/\/www.acfo-acaf.com\/fr\/collective-bargaining-update-productive-first-week-meetings-357\/","title":{"rendered":"Mise \u00e0 jour de n\u00e9gociation collective: Premi\u00e8re semaine de r\u00e9unions productive"},"content":{"rendered":"<p>Les \u00e9quipes de n\u00e9gociations de l\u2019ACAF et du Conseil du Tr\u00e9sor se sont rencontr\u00e9es quatre jours, du 26 au 29 octobre, \u00c3\u00a0 Ottawa, pour une s\u00e9ance de formation sur la n\u00e9gociation fond\u00e9e sur les int\u00e9r\u00eats et trois jours de n\u00e9gociations pr\u00e9liminaires.<\/p>\n<p>Les deux \u00e9quipes ont pr\u00e9sent\u00e9 leurs revendications et propositions respectives qui ont ensuite fait l\u2019objet de discussions productives. Bien que\u00a0<em>la Loi sur le contr\u00f4le des d\u00e9penses<\/em>\u00a0limite la port\u00e9e des discussions sur les questions financi\u00e8res, les deux parties ont cern\u00e9 des points sur lesquels il est possible de progresser.<\/p>\n<p>Les prochaines rencontres auront lieu en d\u00e9cembre.<\/p>\n<p><strong>NAV CANADA<\/p>\n<p><\/strong>L\u2019\u00e9quipe de n\u00e9gociation de NAV CANADA se r\u00e9unit cette semaine pour discuter des revendications en pr\u00e9vision des premi\u00e8res s\u00e9ances de n\u00e9gociation qui devraient se tenir au cours de la deuxi\u00e8me semaine de d\u00e9cembre.<\/p>\n<p>Si vous avez des questions ou besoin de renseignements suppl\u00e9mentaires, veuillez communiquer avec\u00a0<a href=\"http:\/\/www.acfo-acaf.com\/mailto:schamberlain@acfo-acaf.com\">Scott Chamberlain<\/a>\u00a0ou\u00a0<a href=\"http:\/\/www.acfo-acaf.com\/mailto:vringuette@acfo-acaf.com\">Vicky Ringuette<\/a>\u00a0au 613-728-0695.<\/p>\n","protected":false},"excerpt":{"rendered":"<p>Les \u00e9quipes de n\u00e9gociations de l\u2019ACAF et du Conseil du Tr\u00e9sor se sont rencontr\u00e9es quatre jours, du 26 au 29 [&hellip;]<\/p>\n","protected":false},"author":0,"featured_media":0,"comment_status":"closed","ping_status":"closed","sticky":false,"template":"","format":"standard","meta":{"_acf_changed":false,"footnotes":""},"categories":[20],"tags":[],"class_list":["post-4323","post","type-post","status-publish","format-standard","hentry","category-negociation-collective"],"acf":{"categories":[20],"groups":false,"canBeFeatured":false},"_links":{"self":[{"href":"https:\/\/www.acfo-acaf.com\/fr\/wp-json\/wp\/v2\/posts\/4323","targetHints":{"allow":["GET"]}}],"collection":[{"href":"https:\/\/www.acfo-acaf.com\/fr\/wp-json\/wp\/v2\/posts"}],"about":[{"href":"https:\/\/www.acfo-acaf.com\/fr\/wp-json\/wp\/v2\/types\/post"}],"replies":[{"embeddable":true,"href":"https:\/\/www.acfo-acaf.com\/fr\/wp-json\/wp\/v2\/comments?post=4323"}],"version-history":[{"count":0,"href":"https:\/\/www.acfo-acaf.com\/fr\/wp-json\/wp\/v2\/posts\/4323\/revisions"}],"acf:term":[{"embeddable":true,"taxonomy":"category","href":"https:\/\/www.acfo-acaf.com\/fr\/wp-json\/wp\/v2\/categories\/20"}],"wp:attachment":[{"href":"https:\/\/www.acfo-acaf.com\/fr\/wp-json\/wp\/v2\/media?parent=4323"}],"wp:term":[{"taxonomy":"category","embeddable":true,"href":"https:\/\/www.acfo-acaf.com\/fr\/wp-json\/wp\/v2\/categories?post=4323"},{"taxonomy":"post_tag","embeddable":true,"href":"https:\/\/www.acfo-acaf.com\/fr\/wp-json\/wp\/v2\/tags?post=4323"}],"curies":[{"name":"wp","href":"https:\/\/api.w.org\/{rel}","templated":true}]}}