{"id":4325,"date":"2009-09-29T15:06:06","date_gmt":"2009-09-29T15:06:06","guid":{"rendered":"http:\/\/127.0.0.1\/wordpress87\/?p=697"},"modified":"2009-09-29T15:06:06","modified_gmt":"2009-09-29T15:06:06","slug":"point-negociations-collectives-revendications-propositions-echangees","status":"publish","type":"post","link":"https:\/\/www.acfo-acaf.com\/fr\/point-negociations-collectives-revendications-propositions-echangees\/","title":{"rendered":"Le point sur les n\u00e9gociations collectives : Revendications et propositions \u00e9chang\u00e9es"},"content":{"rendered":"<p>Les repr\u00e9sentants des \u00e9quipes de n\u00e9gociations de l\u2019ACAF et du Conseil du Tr\u00e9sor se sont rencontr\u00e9s \u00e0 Ottawa le 24 septembre pour \u00e9changer leurs revendications et propositions respectives en pr\u00e9vision de la prochaine ronde de n\u00e9gociations collectives.<\/p>\n<p>Les \u00e9quipes tiendront une autre r\u00e9union au cours de la semaine du 26 octobre; il s\u2019agira de formation conjointe et d\u2019une premi\u00e8re s\u00e9ance de n\u00e9gociation. Dans l\u2019intervalle, les repr\u00e9sentants de l\u2019ACAF examineront et analyseront les propositions de l\u2019employeur.<\/p>\n<p>Si vous avez des questions \u00e0 poser ou avez besoin de plus amples renseignements, veuillez communiquer avec\u00a0<a href=\"http:\/\/www.acfo-acaf.com\/mailto:schamberlain@acfo-acaf.com\">Scott Chamberlain<\/a>\u00a0ou\u00a0<a href=\"http:\/\/www.acfo-acaf.com\/mailto:vringuette@acfo-acaf.com\">Vicky Ringuette<\/a>\u00a0au 613-728-0695.<\/p>\n","protected":false},"excerpt":{"rendered":"<p>Les repr\u00e9sentants des \u00e9quipes de n\u00e9gociations de l\u2019ACAF et du Conseil du Tr\u00e9sor se sont rencontr\u00e9s \u00e0 Ottawa le 24 [&hellip;]<\/p>\n","protected":false},"author":0,"featured_media":0,"comment_status":"closed","ping_status":"closed","sticky":false,"template":"","format":"standard","meta":{"_acf_changed":false,"footnotes":""},"categories":[20],"tags":[],"class_list":["post-4325","post","type-post","status-publish","format-standard","hentry","category-negociation-collective"],"acf":{"categories":[20],"groups":false,"canBeFeatured":false},"_links":{"self":[{"href":"https:\/\/www.acfo-acaf.com\/fr\/wp-json\/wp\/v2\/posts\/4325","targetHints":{"allow":["GET"]}}],"collection":[{"href":"https:\/\/www.acfo-acaf.com\/fr\/wp-json\/wp\/v2\/posts"}],"about":[{"href":"https:\/\/www.acfo-acaf.com\/fr\/wp-json\/wp\/v2\/types\/post"}],"replies":[{"embeddable":true,"href":"https:\/\/www.acfo-acaf.com\/fr\/wp-json\/wp\/v2\/comments?post=4325"}],"version-history":[{"count":0,"href":"https:\/\/www.acfo-acaf.com\/fr\/wp-json\/wp\/v2\/posts\/4325\/revisions"}],"acf:term":[{"embeddable":true,"taxonomy":"category","href":"https:\/\/www.acfo-acaf.com\/fr\/wp-json\/wp\/v2\/categories\/20"}],"wp:attachment":[{"href":"https:\/\/www.acfo-acaf.com\/fr\/wp-json\/wp\/v2\/media?parent=4325"}],"wp:term":[{"taxonomy":"category","embeddable":true,"href":"https:\/\/www.acfo-acaf.com\/fr\/wp-json\/wp\/v2\/categories?post=4325"},{"taxonomy":"post_tag","embeddable":true,"href":"https:\/\/www.acfo-acaf.com\/fr\/wp-json\/wp\/v2\/tags?post=4325"}],"curies":[{"name":"wp","href":"https:\/\/api.w.org\/{rel}","templated":true}]}}