{"id":4359,"date":"2009-01-15T19:11:04","date_gmt":"2009-01-15T19:11:04","guid":{"rendered":"http:\/\/127.0.0.1\/wordpress87\/?p=691"},"modified":"2009-01-15T19:11:04","modified_gmt":"2009-01-15T19:11:04","slug":"president-l-acaf-exhorte-gouvernement-investir-dans-l-avenir-fonction-publique","status":"publish","type":"post","link":"https:\/\/www.acfo-acaf.com\/fr\/president-l-acaf-exhorte-gouvernement-investir-dans-l-avenir-fonction-publique\/","title":{"rendered":"Le pr\u00e9sident de l&rsquo;ACAF exhorte le gouvernement \u00e0 investir dans l&rsquo;avenir de la fonction publique"},"content":{"rendered":"<p>L\u2019honorable Jim Flaherty, C.P., d\u00e9put\u00e9<br \/>\nMinistre des Finances<br \/>\nFinances Canada<br \/>\n140, rue O\u2019Connor<br \/>\nOttawa (Ontario)\u00a0 K1A 0G5<\/p>\n<p>Monsieur le Ministre,<\/p>\n<p>Au nom des plus de 3\u00a0800 agents financiers de la fonction publique f\u00e9d\u00e9rale, je vous exhorte \u00e0 reconsid\u00e9rer les plans visant \u00e0 l\u00e9gif\u00e9rer et peut-\u00eatre m\u00eame \u00e0 r\u00e9duire les salaires des fonctionnaires dans le prochain budget f\u00e9d\u00e9ral. En ma qualit\u00e9 d\u2019agent financier, je peux fort bien comprendre les pressions que vous subissez actuellement pour trouver des \u00e9conomies de co\u00fbts en cette p\u00e9riode de restriction budg\u00e9taire forc\u00e9e. Cependant, les propositions lanc\u00e9es \u00e0 la fin de l\u2019ann\u00e9e derni\u00e8re qui consisteraient \u00e0 imposer les salaires des fonctionnaires sont impr\u00e9voyantes.<\/p>\n<p>La fonction publique est actuellement aux prises avec un grave resserrement d\u00e9mographique; nous ne devons rien \u00e9pargner pour faire en sorte qu\u2019elle reste l\u2019employeur privil\u00e9gi\u00e9 pour la cr\u00e8me de la cr\u00e8me des Canadiens et des Canadiennes. La publicit\u00e9 n\u00e9gative li\u00e9e aux r\u00e9ductions et contr\u00f4les des salaires -concoct\u00e9s hors du processus de n\u00e9gociation et unilat\u00e9ralement impos\u00e9s &#8211; ternirait cette r\u00e9putation au moment m\u00eame o\u00c3\u00b9 la concurrence pour les travailleurs et travailleuses du savoir est f\u00e9roce.<\/p>\n<p>C\u2019est particuli\u00e8rement vrai pour la collectivit\u00e9 FI, les comptables et conseillers financiers que l\u2019ACAF est fi\u00e8re de repr\u00e9senter. Le\u00a0<em>Guide salarial 2009<\/em>\u00a0de Robert Half International a conclu\u00a0qu\u2019 \u00ab\u00a0on peut s\u2019attendre \u00e0 ce que le secteur de la comptabilit\u00e9 publique, qui devrait fortement ressentir les incidences de cette nouvelle tendance dans la population active, soit en mode de recrutement pour plusieurs ann\u00e9es\u00a0\u00bb.<\/p>\n<p>La convention collective actuelle de la collectivit\u00e9 FI, qui a \u00e9t\u00e9 n\u00e9goci\u00e9e et ratifi\u00e9e de bonne foi par les membres de l\u2019ACAF en juin 2008, est le fruit de n\u00e9gociations remarquablement franches, novatrices et professionnelles avec le Conseil du Tr\u00e9sor. Au total, les deux tiers des fonctionnaires f\u00e9d\u00e9raux ont une convention collective en vigueur ou sont sur le point de ratifier des ententes de principe conclues de bonne foi. La r\u00e9duction de ces conventions causerait du tort irr\u00e9parable aux relations d\u00e9licates qui existent entre des dizaines de milliers de fonctionnaires et leur employeur et compromettrait le processus de n\u00e9gociation ench\u00e2ss\u00e9 dans la\u00a0<em>Loi sur les relations de travail dans\u00a0la fonction publique<\/em>.<\/p>\n<p>Il est important de se rappeler que, bien que nos int\u00e9r\u00eats soient parfois divergents, l\u2019objectif des agents n\u00e9gociateurs et du gouvernement f\u00e9d\u00e9ral est le m\u00eame &#8211; cr\u00e9er un climat qui attire les meilleurs Canadiens et Canadiennes dans la fonction publique, qui les encourage \u00e0 y rester et qui leur permet de mettre leurs comp\u00e9tences au service du mieux-\u00eatre du pays. Vous conviendrez sans doute avec moi que le tort que des salaires impos\u00e9s et des r\u00e9ductions salariales possibles causerait \u00e0 la fonction publique comme institution l\u2019emporte de beaucoup sur le modeste all\u00e9gement fiscal \u00e0 court terme qui pourrait en r\u00e9sulter.<\/p>\n<p>Je vous remercie de votre temps et de votre int\u00e9r\u00eat. La t\u00e2che qui vous attend est lourde, et croyez bien que j\u2019en suis le premier conscient. Mais, de gr\u00e2ce, ne compromettez pas l\u2019institution m\u00eame qui a \u00e9t\u00e9 mise en place pour vous aider \u00e0 vous en acquitter.<\/p>\n<p>Veuillez agr\u00e9er, Monsieur le Ministre, l\u2019expression de mes sentiments les meilleurs.<\/p>\n<p>Milt Isaacs, CMA<br \/>\nLe pr\u00e9sident et pr\u00e9sident du Conseil d\u2019administration<br \/>\nAssociation canadienne des agents financiers<\/p>\n<p>&nbsp;<\/p>\n<p>c.c. :\u00a0\u00a0\u00a0\u00a0Le tr\u00e8s honorable Stephen Harper, C.P., d\u00e9put\u00e9, premier ministre du Canada<br \/>\nL\u2019honorable Vic Toews, C.P., d\u00e9put\u00e9, pr\u00e9sident du Conseil du Tr\u00e9sor<\/p>\n","protected":false},"excerpt":{"rendered":"<p>L\u2019honorable Jim Flaherty, C.P., d\u00e9put\u00e9 Ministre des Finances Finances Canada 140, rue O\u2019Connor Ottawa (Ontario)\u00a0 K1A 0G5 Monsieur le Ministre, [&hellip;]<\/p>\n","protected":false},"author":0,"featured_media":0,"comment_status":"closed","ping_status":"closed","sticky":false,"template":"","format":"standard","meta":{"_acf_changed":false,"footnotes":""},"categories":[20],"tags":[],"class_list":["post-4359","post","type-post","status-publish","format-standard","hentry","category-negociation-collective"],"acf":{"categories":[20],"groups":false,"canBeFeatured":false},"_links":{"self":[{"href":"https:\/\/www.acfo-acaf.com\/fr\/wp-json\/wp\/v2\/posts\/4359","targetHints":{"allow":["GET"]}}],"collection":[{"href":"https:\/\/www.acfo-acaf.com\/fr\/wp-json\/wp\/v2\/posts"}],"about":[{"href":"https:\/\/www.acfo-acaf.com\/fr\/wp-json\/wp\/v2\/types\/post"}],"replies":[{"embeddable":true,"href":"https:\/\/www.acfo-acaf.com\/fr\/wp-json\/wp\/v2\/comments?post=4359"}],"version-history":[{"count":0,"href":"https:\/\/www.acfo-acaf.com\/fr\/wp-json\/wp\/v2\/posts\/4359\/revisions"}],"acf:term":[{"embeddable":true,"taxonomy":"category","href":"https:\/\/www.acfo-acaf.com\/fr\/wp-json\/wp\/v2\/categories\/20"}],"wp:attachment":[{"href":"https:\/\/www.acfo-acaf.com\/fr\/wp-json\/wp\/v2\/media?parent=4359"}],"wp:term":[{"taxonomy":"category","embeddable":true,"href":"https:\/\/www.acfo-acaf.com\/fr\/wp-json\/wp\/v2\/categories?post=4359"},{"taxonomy":"post_tag","embeddable":true,"href":"https:\/\/www.acfo-acaf.com\/fr\/wp-json\/wp\/v2\/tags?post=4359"}],"curies":[{"name":"wp","href":"https:\/\/api.w.org\/{rel}","templated":true}]}}