{"id":4409,"date":"2011-05-05T21:28:43","date_gmt":"2011-05-05T21:28:43","guid":{"rendered":"http:\/\/127.0.0.1\/wordpress87\/?p=644"},"modified":"2011-05-05T21:28:43","modified_gmt":"2011-05-05T21:28:43","slug":"indemnite-facteur-penologique-service-correctionnel-canada","status":"publish","type":"post","link":"https:\/\/www.acfo-acaf.com\/fr\/indemnite-facteur-penologique-service-correctionnel-canada\/","title":{"rendered":"Indemnit\u00e9 de facteur p\u00e9nologique \u00e0 Service correctionnel Canada"},"content":{"rendered":"<p><strong>Indemnit\u00e9 de facteur p\u00e9nologique \u00e0 Service correctionnel Canada<\/strong><\/p>\n<p><strong>OTTAWA<\/strong>\u00a0&#8211; Nous avons re\u00e7u un certain nombre de demandes de renseignements de nos membres qui voulaient des pr\u00e9cisions sur l&rsquo;\u00e9tat de l&rsquo;indemnit\u00e9 de facteur p\u00e9nologique (IFP) d\u00fb aux agents financiers \u00e0 Service correctionnel Canada (SCC).<\/p>\n<p>Comme bon nombre de membres le savent peut-\u00eatre, le paragraphe 48.05 de notre convention collective stipule que l&rsquo;applicabilit\u00e9 de l&rsquo;IFP \u00e0 un poste et le niveau d&rsquo;application de l&rsquo;IFP \u00e0 un poste sont d\u00e9termin\u00e9s par l&rsquo;Employeur \u00e0 la suite de consultations avec l&rsquo;Association. \u00c0 ce stade-ci du processus, l&rsquo;Association a eu des consultations avec SCC sur cette question et elle collabore avec le minist\u00e8re afin de la r\u00e9gler de mani\u00e8re opportune.<\/p>\n<p>SCC nous a inform\u00e9s qu&rsquo;il recueille actuellement les renseignements n\u00e9cessaires des r\u00e9gions et qu&rsquo;il compile les donn\u00e9es en vue de commencer \u00e0 traiter les paiements d&rsquo;IFP \u00e0 nos membres. Pour le moment, les mesures de paye devraient \u00eatre achev\u00e9es d&rsquo;ici la p\u00e9riode de paye du 6\u00a0f\u00e9vrier 2008. Cependant, il se pourrait qu&rsquo;il faille plus de temps pour r\u00e9gler quelques cas de mani\u00e8re d\u00e9finitive.<\/p>\n<p>L&rsquo;ACAF continue de d\u00e9fendre vos int\u00e9r\u00eats en vue de r\u00e9gler le probl\u00e8me le plus rapidement possible et elle avisera les membres au moment o\u00f9 les mesures de paye seront prises.<\/p>\n<p>Si vous avez des questions ou des pr\u00e9occupations, veuillez communiquer avec le bureau national de l&rsquo;ACAF au (613)\u00a0728-0695 et demander \u00e0 parler \u00e0 l&rsquo;un de nos conseillers en relations de travail.<\/p>\n<p>Division des relations de travail<br \/>\nACAF<\/p>\n","protected":false},"excerpt":{"rendered":"<p>Indemnit\u00e9 de facteur p\u00e9nologique \u00e0 Service correctionnel Canada OTTAWA\u00a0&#8211; Nous avons re\u00e7u un certain nombre de demandes de renseignements de [&hellip;]<\/p>\n","protected":false},"author":0,"featured_media":0,"comment_status":"closed","ping_status":"closed","sticky":false,"template":"","format":"standard","meta":{"_acf_changed":false,"footnotes":""},"categories":[38],"tags":[],"class_list":["post-4409","post","type-post","status-publish","format-standard","hentry","category-mise-jour"],"acf":{"categories":[38],"groups":false,"canBeFeatured":false},"_links":{"self":[{"href":"https:\/\/www.acfo-acaf.com\/fr\/wp-json\/wp\/v2\/posts\/4409","targetHints":{"allow":["GET"]}}],"collection":[{"href":"https:\/\/www.acfo-acaf.com\/fr\/wp-json\/wp\/v2\/posts"}],"about":[{"href":"https:\/\/www.acfo-acaf.com\/fr\/wp-json\/wp\/v2\/types\/post"}],"replies":[{"embeddable":true,"href":"https:\/\/www.acfo-acaf.com\/fr\/wp-json\/wp\/v2\/comments?post=4409"}],"version-history":[{"count":0,"href":"https:\/\/www.acfo-acaf.com\/fr\/wp-json\/wp\/v2\/posts\/4409\/revisions"}],"acf:term":[{"embeddable":true,"taxonomy":"category","href":"https:\/\/www.acfo-acaf.com\/fr\/wp-json\/wp\/v2\/categories\/38"}],"wp:attachment":[{"href":"https:\/\/www.acfo-acaf.com\/fr\/wp-json\/wp\/v2\/media?parent=4409"}],"wp:term":[{"taxonomy":"category","embeddable":true,"href":"https:\/\/www.acfo-acaf.com\/fr\/wp-json\/wp\/v2\/categories?post=4409"},{"taxonomy":"post_tag","embeddable":true,"href":"https:\/\/www.acfo-acaf.com\/fr\/wp-json\/wp\/v2\/tags?post=4409"}],"curies":[{"name":"wp","href":"https:\/\/api.w.org\/{rel}","templated":true}]}}