{"id":5134,"date":"2023-06-22T15:42:00","date_gmt":"2023-06-22T15:42:00","guid":{"rendered":"https:\/\/acfo2023.wpengine.com\/2023\/06\/22\/save-the-date-regional-tune-up-registration-opening-soon\/"},"modified":"2024-01-25T15:46:31","modified_gmt":"2024-01-25T15:46:31","slug":"save-the-date-regional-tune-up-registration-opening-soon","status":"publish","type":"post","link":"https:\/\/www.acfo-acaf.com\/fr\/save-the-date-regional-tune-up-registration-opening-soon\/","title":{"rendered":"\u00c0 vos agendas\u00a0: les inscriptions aux mises au point r\u00e9gionales commenceront bient\u00f4t!"},"content":{"rendered":"\n<p class=\"wp-block-paragraph\">Faisant fond sur le succ\u00e8s de la Mise au point du printemps de l\u2019ACFO-ACAF, la s\u00e9rie de mises au point r\u00e9gionales a \u00e9t\u00e9 lanc\u00e9e en 2017 pour offrir des journ\u00e9es de perfectionnement en personne aux membres de l\u2019ACFO\u2013ACAF travaillant \u00e0 l\u2019ext\u00e9rieur de la RCN. Financ\u00e9es par le Programme mixte de perfectionnement professionnel (PMPP), ces journ\u00e9es de perfectionnement (5,5&nbsp;heures de FPC) sont gratuites pour les membres de la communaut\u00e9 CT.<\/p>\n\n\n\n<p class=\"wp-block-paragraph\">La s\u00e9rie de cette ann\u00e9e fera cinq arr\u00eats \u00e0 travers le pays&nbsp;:<\/p>\n\n\n\n<ul class=\"wp-block-list\">\n<li>Mise au point r\u00e9gionale de l\u2019Atlantique \u2013 31 ao\u00fbt 2023, \u00e0 Moncton (N.-B.)&nbsp;<\/li>\n\n\n\n<li>Mise au point r\u00e9gionale de l\u2019Ontario \u2013 7 septembre 2023, \u00e0 Toronto (Ont.)&nbsp;<\/li>\n\n\n\n<li>Mise au point r\u00e9gionale des Prairies \u2013 5 octobre 2023, \u00e0 Winnipeg (Man.)&nbsp;<\/li>\n\n\n\n<li>Mise au point r\u00e9gionale du Pacifique \u2013 11 octobre 2023, \u00e0 Vancouver (C.-B.)&nbsp;<\/li>\n\n\n\n<li>Mise au point r\u00e9gionale du Qu\u00e9bec \u2013 9 novembre 2023, \u00e0 Montr\u00e9al (Qc)&nbsp;<\/li>\n<\/ul>\n\n\n\n<h3 class=\"wp-block-heading\">H\u00e9bergement \u00e0 l\u2019h\u00f4tel<\/h3>\n\n\n\n<p class=\"wp-block-paragraph\">Les mises au point r\u00e9gionales ne seront pas diffus\u00e9es en ligne. C\u2019est pourquoi, afin de s\u2019assurer de la participation du plus grand nombre de membres de chaque r\u00e9gion, l\u2019ACFO-ACAF remboursera l\u2019h\u00e9bergement pour une nuit\u00e9e aux membres qui se rendent \u00e0 l\u2019activit\u00e9 de leur r\u00e9gion (\u00e0 l\u2019exclusion de la RCN) s\u2019ils parcourent une distance de plus de 100&nbsp;km depuis leur domicile ou leur lieu de travail.<\/p>\n\n\n\n<p class=\"wp-block-paragraph\">Les d\u00e9penses li\u00e9es au d\u00e9placement, aux repas, etc. ne seront pas rembours\u00e9es. Nous vous encourageons donc \u00e0 demander \u00e0 votre employeur d\u2019absorber ces frais. Une approbation pr\u00e9alable sera aussi n\u00e9cessaire pour obtenir de l\u2019ACFO-ACAF le remboursement des frais d\u2019h\u00f4tel. Restez \u00e0 l\u2019\u00e9coute pour de plus amples renseignements!<\/p>\n\n\n\n<h3 class=\"wp-block-heading\">Inscriptions<\/h3>\n\n\n\n<p class=\"wp-block-paragraph\">Les inscriptions commenceront au cours des prochaines semaines, mais notez d\u00e9j\u00e0 votre date dans votre agenda!<\/p>\n\n\n\n<p class=\"wp-block-paragraph\">Le programme complet de chaque conf\u00e9rence sera envoy\u00e9 sous peu, par courriel, aux membres dans chaque r\u00e9gion. <strong><a rel=\"noreferrer noopener\" href=\"https:\/\/www.acfo-acaf.com\/fr\/resources-2\/gestion-de-votre-adhesion\/\" target=\"_blank\">Veuillez vous assurer que vos coordonn\u00e9es de membre sont bien \u00e0 jour<\/a><\/strong>, y compris votre adresse de domicile, \u00e9tant donn\u00e9 que le programme sera envoy\u00e9 par courriel aux membres dans chacune des r\u00e9gions seulement.<\/p>\n\n\n\n<p class=\"wp-block-paragraph\">Les activit\u00e9s pr\u00e9vues sont ouvertes \u00e0 tous les membres de l\u2019ACFO-ACAF, quelle que soit leur classification.<\/p>\n\n\n\n<h1 class=\"wp-block-heading\">Et n\u2019oubliez pas les tarifs r\u00e9duits pour le Symposium des CT!<\/h1>\n\n\n\n<p class=\"wp-block-paragraph\">Si vous avez h\u00e2te de participer \u00e0 une mise au point r\u00e9gionale, sachez que vous pouvez vous inscrire d\u00e8s aujourd\u2019hui au Symposium des CT de l\u2019ACFO-ACAF (11 heures de FPC), qui aura lieu <strong>les 26 et 27&nbsp;octobre 2023<\/strong> au Centre Shaw \u00e0 Ottawa, et en ligne. Le Symposium accueillera l\u2019honorable Maryam Monsef, Corneille, vedette de <em>La Vo<\/em>ix, et bien d\u2019autres encore afin d\u2019aider la communaut\u00e9 CT \u00e0 se pr\u00e9parer aux nouvelles r\u00e9alit\u00e9s d\u2019un milieu de travail hybride et d\u2019un monde en constante \u00e9volution. <\/p>\n\n\n\n<p class=\"wp-block-paragraph\">Des prix r\u00e9duits sont offerts, notamment pour la participation virtuelle, \u00e0 moins de 500&nbsp;$ pour les membres de l\u2019ACFO-ACAF, mais seulement jusqu\u2019au 31 ao\u00fbt!<\/p>\n\n\n\n<p class=\"wp-block-paragraph\">Pour obtenir de plus amples renseignements et pour vous inscrire, visitez la <a rel=\"noreferrer noopener\" href=\"https:\/\/comptrollershiptraining.ca\/fr\/symposium-de-formation-des-controleurs\/.\" target=\"_blank\">page du Symposium des CT<\/a>.<\/p>\n\n\n\n<p class=\"wp-block-paragraph\">Pour les tarifs de groupe, veuillez communiquer avec <a href=\"mailto:jboughner@acfo-acaf.com\" target=\"_blank\" rel=\"noreferrer noopener\">jboughner@acfo-acaf.com<\/a>.<\/p>\n","protected":false},"excerpt":{"rendered":"<p>Faisant fond sur le succ\u00e8s de la Mise au point du printemps de l\u2019ACFO-ACAF, la s\u00e9rie de mises au point [&hellip;]<\/p>\n","protected":false},"author":4,"featured_media":5133,"comment_status":"closed","ping_status":"closed","sticky":false,"template":"","format":"standard","meta":{"_acf_changed":false,"footnotes":""},"categories":[28,38,50],"tags":[],"class_list":["post-5134","post","type-post","status-publish","format-standard","has-post-thumbnail","hentry","category-groupe-ct","category-mise-jour","category-perfectionnement-professionnel","group-ct-eav-fr","group-ct-fin-fr","group-ct-iau-fr","group-nav-canada-fl-fr"],"acf":{"categories":[28,38,50],"groups":[30,32,34,36],"canBeFeatured":false},"_links":{"self":[{"href":"https:\/\/www.acfo-acaf.com\/fr\/wp-json\/wp\/v2\/posts\/5134","targetHints":{"allow":["GET"]}}],"collection":[{"href":"https:\/\/www.acfo-acaf.com\/fr\/wp-json\/wp\/v2\/posts"}],"about":[{"href":"https:\/\/www.acfo-acaf.com\/fr\/wp-json\/wp\/v2\/types\/post"}],"author":[{"embeddable":true,"href":"https:\/\/www.acfo-acaf.com\/fr\/wp-json\/wp\/v2\/users\/4"}],"replies":[{"embeddable":true,"href":"https:\/\/www.acfo-acaf.com\/fr\/wp-json\/wp\/v2\/comments?post=5134"}],"version-history":[{"count":0,"href":"https:\/\/www.acfo-acaf.com\/fr\/wp-json\/wp\/v2\/posts\/5134\/revisions"}],"acf:term":[{"embeddable":true,"taxonomy":"group","href":"https:\/\/www.acfo-acaf.com\/fr\/wp-json\/wp\/v2\/group\/36"},{"embeddable":true,"taxonomy":"group","href":"https:\/\/www.acfo-acaf.com\/fr\/wp-json\/wp\/v2\/group\/34"},{"embeddable":true,"taxonomy":"group","href":"https:\/\/www.acfo-acaf.com\/fr\/wp-json\/wp\/v2\/group\/32"},{"embeddable":true,"taxonomy":"group","href":"https:\/\/www.acfo-acaf.com\/fr\/wp-json\/wp\/v2\/group\/30"},{"embeddable":true,"taxonomy":"category","href":"https:\/\/www.acfo-acaf.com\/fr\/wp-json\/wp\/v2\/categories\/50"},{"embeddable":true,"taxonomy":"category","href":"https:\/\/www.acfo-acaf.com\/fr\/wp-json\/wp\/v2\/categories\/38"},{"embeddable":true,"taxonomy":"category","href":"https:\/\/www.acfo-acaf.com\/fr\/wp-json\/wp\/v2\/categories\/28"}],"wp:featuredmedia":[{"embeddable":true,"href":"https:\/\/www.acfo-acaf.com\/fr\/wp-json\/wp\/v2\/media\/5133"}],"wp:attachment":[{"href":"https:\/\/www.acfo-acaf.com\/fr\/wp-json\/wp\/v2\/media?parent=5134"}],"wp:term":[{"taxonomy":"category","embeddable":true,"href":"https:\/\/www.acfo-acaf.com\/fr\/wp-json\/wp\/v2\/categories?post=5134"},{"taxonomy":"post_tag","embeddable":true,"href":"https:\/\/www.acfo-acaf.com\/fr\/wp-json\/wp\/v2\/tags?post=5134"}],"curies":[{"name":"wp","href":"https:\/\/api.w.org\/{rel}","templated":true}]}}