{"id":5226,"date":"2023-11-14T07:51:00","date_gmt":"2023-11-14T07:51:00","guid":{"rendered":"https:\/\/acfo2023.wpengine.com\/2023\/11\/14\/acfo-acaf-holiday-reception-and-awards-ceremony-december-5\/"},"modified":"2024-03-08T07:53:29","modified_gmt":"2024-03-08T07:53:29","slug":"acfo-acaf-holiday-reception-and-awards-ceremony-december-5","status":"publish","type":"post","link":"https:\/\/www.acfo-acaf.com\/fr\/acfo-acaf-holiday-reception-and-awards-ceremony-december-5\/","title":{"rendered":"R\u00e9ception du temps des f\u00eates et c\u00e9r\u00e9monie de remise des prix de l&rsquo;ACFO-ACAF &#8211; 5 d\u00e9cembre"},"content":{"rendered":"\n<p>L&rsquo;ACFO-ACAF est ravie d&rsquo;annoncer la tenue de la toute premi\u00e8re R\u00e9ception du temps des f\u00eates, un \u00e9v\u00e9nement gratuit con\u00e7u pour rassembler les membres de l&rsquo;ACFO-ACAF dans le cadre d&rsquo;une c\u00e9l\u00e9bration de fin d&rsquo;ann\u00e9e. La r\u00e9ception aura lieu le <strong>mardi 5 d\u00e9cembre<\/strong> <strong>au Delta Hotels by Marriott Ottawa City Centre (101 rue Lyon N)<\/strong>, dans le Grand Salon, de <strong>16 h 30 \u00e0 21 h 00<\/strong>.<\/p>\n\n\n\n<p>Rejoignez-nous pour une soir\u00e9e de convivialit\u00e9 et d&rsquo;amusement, avec un souper, deux consommations gratuites et une piste de danse accompagn\u00e9 d\u2019une prestation l\u00e9gendaire du groupe <a href=\"https:\/\/jaylakirkey.com\/the-vanduras\" target=\"_blank\" rel=\"noreferrer noopener\">The VanDuras<\/a>, originaire d&rsquo;Ottawa.<\/p>\n\n\n\n<p>Cette r\u00e9ception sera non seulement l&rsquo;occasion de r\u00e9seauter et de s&rsquo;amuser, mais aussi d&rsquo;annoncer les laur\u00e9ats des <a rel=\"noreferrer noopener\" href=\"https:\/\/www.acfo-acaf.com\/fr\/perfectionnement-professionnel\/les-prix-de-la-communaute-ct\/\" target=\"_blank\">prix de la communaut\u00e9 CT<\/a> et de c\u00e9l\u00e9brer leurs contributions exceptionnelles.<\/p>\n\n\n\n<h3 class=\"wp-block-heading\">Agenda<\/h3>\n\n\n\n<p>16 h 30 &#8211; 17 h 30 : Inscription et cocktail<\/p>\n\n\n\n<p>17 h 30 &#8211; 18 h 00 : C\u00e9r\u00e9monie de remise des prix<\/p>\n\n\n\n<p>18 h 00 &#8211; 19 h 00 : Service du souper<\/p>\n\n\n\n<p>19 h 00 &#8211; 22 h 00 : Spectacle de VanDuras et ouverture de la piste de danse<\/p>\n\n\n\n<h3 class=\"wp-block-heading\">Inscription<\/h3>\n\n\n\n<p><strong>L&rsquo;inscription se fera selon le principe du<\/strong> <strong>premier arriv\u00e9, premier servi<\/strong>. Les places sont limit\u00e9es, alors faites vite !<\/p>\n\n\n\n<p>Pour toute question et pour le lien d&rsquo;inscription, veuillez envoyer un courriel \u00e0 Lia Bosquet, agente des communications, \u00e0&nbsp;<a href=\"lbosquet@acfo-acaf.com\" target=\"_blank\" rel=\"noreferrer noopener\">lbosquet@acfo-acaf.com<\/a>.<\/p>\n\n\n\n<p>Nous nous r\u00e9jouissons \u00e0&nbsp;l\u2019id\u00e9e de c\u00e9l\u00e9brer le temps des f\u00eates avec vous !<\/p>\n","protected":false},"excerpt":{"rendered":"<p>L&rsquo;ACFO-ACAF est ravie d&rsquo;annoncer la tenue de la toute premi\u00e8re R\u00e9ception du temps des f\u00eates, un \u00e9v\u00e9nement gratuit con\u00e7u pour [&hellip;]<\/p>\n","protected":false},"author":4,"featured_media":5225,"comment_status":"closed","ping_status":"closed","sticky":false,"template":"","format":"standard","meta":{"_acf_changed":true,"footnotes":""},"categories":[38],"tags":[],"class_list":["post-5226","post","type-post","status-publish","format-standard","has-post-thumbnail","hentry","category-mise-jour","group-ct-eav-fr","group-ct-fin-fr","group-ct-iau-fr","group-nav-canada-fl-fr"],"acf":{"categories":[38],"groups":[30,32,34,36],"canBeFeatured":false},"_links":{"self":[{"href":"https:\/\/www.acfo-acaf.com\/fr\/wp-json\/wp\/v2\/posts\/5226","targetHints":{"allow":["GET"]}}],"collection":[{"href":"https:\/\/www.acfo-acaf.com\/fr\/wp-json\/wp\/v2\/posts"}],"about":[{"href":"https:\/\/www.acfo-acaf.com\/fr\/wp-json\/wp\/v2\/types\/post"}],"author":[{"embeddable":true,"href":"https:\/\/www.acfo-acaf.com\/fr\/wp-json\/wp\/v2\/users\/4"}],"replies":[{"embeddable":true,"href":"https:\/\/www.acfo-acaf.com\/fr\/wp-json\/wp\/v2\/comments?post=5226"}],"version-history":[{"count":0,"href":"https:\/\/www.acfo-acaf.com\/fr\/wp-json\/wp\/v2\/posts\/5226\/revisions"}],"acf:term":[{"embeddable":true,"taxonomy":"group","href":"https:\/\/www.acfo-acaf.com\/fr\/wp-json\/wp\/v2\/group\/36"},{"embeddable":true,"taxonomy":"group","href":"https:\/\/www.acfo-acaf.com\/fr\/wp-json\/wp\/v2\/group\/34"},{"embeddable":true,"taxonomy":"group","href":"https:\/\/www.acfo-acaf.com\/fr\/wp-json\/wp\/v2\/group\/32"},{"embeddable":true,"taxonomy":"group","href":"https:\/\/www.acfo-acaf.com\/fr\/wp-json\/wp\/v2\/group\/30"},{"embeddable":true,"taxonomy":"category","href":"https:\/\/www.acfo-acaf.com\/fr\/wp-json\/wp\/v2\/categories\/38"}],"wp:featuredmedia":[{"embeddable":true,"href":"https:\/\/www.acfo-acaf.com\/fr\/wp-json\/wp\/v2\/media\/5225"}],"wp:attachment":[{"href":"https:\/\/www.acfo-acaf.com\/fr\/wp-json\/wp\/v2\/media?parent=5226"}],"wp:term":[{"taxonomy":"category","embeddable":true,"href":"https:\/\/www.acfo-acaf.com\/fr\/wp-json\/wp\/v2\/categories?post=5226"},{"taxonomy":"post_tag","embeddable":true,"href":"https:\/\/www.acfo-acaf.com\/fr\/wp-json\/wp\/v2\/tags?post=5226"}],"curies":[{"name":"wp","href":"https:\/\/api.w.org\/{rel}","templated":true}]}}