{"id":5229,"date":"2023-11-15T07:53:00","date_gmt":"2023-11-15T07:53:00","guid":{"rendered":"https:\/\/acfo2023.wpengine.com\/2023\/11\/15\/register-today-free-holiday-tune-up-pd-event\/"},"modified":"2024-03-08T07:56:31","modified_gmt":"2024-03-08T07:56:31","slug":"register-today-free-holiday-tune-up-pd-event","status":"publish","type":"post","link":"https:\/\/www.acfo-acaf.com\/fr\/register-today-free-holiday-tune-up-pd-event\/","title":{"rendered":"Inscrivez-vous d\u00e8s aujourd\u2019hui \u00e0 une activit\u00e9 gratuite de perfectionnement professionnel\u00a0: la Mise au point du temps des f\u00eates"},"content":{"rendered":"\n<p>En partenariat avec le Bureau du contr\u00f4leur g\u00e9n\u00e9ral, l\u2019ACFO-ACAF organise, dans le cadre du Programme mixte de perfectionnement professionnel, une activit\u00e9 sp\u00e9ciale, qui aura lieu l\u2019apr\u00e8s\u2011midi du 5 d\u00e9cembre. Les inscriptions sont maintenant ouvertes!<\/p>\n\n\n\n<p>La Mise au point du temps des f\u00eates pr\u00e9sentera six membres extraordinaires de la communaut\u00e9 CT qui parleront de leur propre histoire et des le\u00e7ons qu\u2019ils ont tir\u00e9es de leur carri\u00e8re, en abordant des sujets tels que la r\u00e9silience, le pouvoir du r\u00e9seautage, la valeur du mentorat et bien d\u2019autres encore!<\/p>\n\n\n\n<p>L\u2019apr\u00e8s-midi sera suivie d\u2019une soir\u00e9e de c\u00e9l\u00e9bration gratuite anim\u00e9e par des musiciens, au cours de laquelle un d\u00eener sera servi et la c\u00e9r\u00e9monie de remise des prix de la Communaut\u00e9 CT aura lieu. Soyez \u00e0 l\u2019aff\u00fbt d\u2019une prochaine invitation \u00e0 vous inscrire \u00e0 cette soir\u00e9e festive.<\/p>\n\n\n\n<p>Saisissez l\u2019occasion de profiter des vastes connaissances et de l\u2019exp\u00e9rience de membres de la communaut\u00e9 CT. Les places sont limit\u00e9es et il n\u2019y aura pas de diffusion en direct de l\u2019activit\u00e9 de perfectionnement, alors n\u2019hibernez pas pendant le temps des f\u00eates et inscrivez-vous d\u00e8s aujourd\u2019hui!&nbsp;Pour le lien d\u2019inscription, envoyez un courriel \u00e0&nbsp;<a rel=\"noreferrer noopener\" href=\"mailto:communications@acfo-acaf.com\" target=\"_blank\">communications@acfo-acaf.com<\/a>.<\/p>\n\n\n\n<p>Mise au point du temps des f\u00eates de l\u2019ACFO-ACAF<br>H\u00f4tel Delta du centre-ville d\u2019Ottawa (101 rue Lyon)<br>Le mardi 5 d\u00e9cembre 2023<br>Ouverture des portes&nbsp;: 12&nbsp;h&nbsp;30<br>Dur\u00e9e de l\u2019activit\u00e9 de PP&nbsp;: de 13&nbsp;h 00 \u00e0 16&nbsp;h&nbsp;30<\/p>\n\n\n\n<p>Pour toute question, veuillez envoyer un courriel \u00e0&nbsp;<a href=\"mailto:events@acfo-acaf.com\" target=\"_blank\" rel=\"noreferrer noopener\">events@acfo-acaf.com<\/a>.<\/p>\n","protected":false},"excerpt":{"rendered":"<p>En partenariat avec le Bureau du contr\u00f4leur g\u00e9n\u00e9ral, l\u2019ACFO-ACAF organise, dans le cadre du Programme mixte de perfectionnement professionnel, une [&hellip;]<\/p>\n","protected":false},"author":4,"featured_media":5228,"comment_status":"closed","ping_status":"closed","sticky":false,"template":"","format":"standard","meta":{"_acf_changed":true,"footnotes":""},"categories":[50],"tags":[],"class_list":["post-5229","post","type-post","status-publish","format-standard","has-post-thumbnail","hentry","category-perfectionnement-professionnel","group-ct-eav-fr","group-ct-fin-fr","group-ct-iau-fr","group-nav-canada-fl-fr"],"acf":{"categories":[50],"groups":[30,32,34,36],"canBeFeatured":false},"_links":{"self":[{"href":"https:\/\/www.acfo-acaf.com\/fr\/wp-json\/wp\/v2\/posts\/5229","targetHints":{"allow":["GET"]}}],"collection":[{"href":"https:\/\/www.acfo-acaf.com\/fr\/wp-json\/wp\/v2\/posts"}],"about":[{"href":"https:\/\/www.acfo-acaf.com\/fr\/wp-json\/wp\/v2\/types\/post"}],"author":[{"embeddable":true,"href":"https:\/\/www.acfo-acaf.com\/fr\/wp-json\/wp\/v2\/users\/4"}],"replies":[{"embeddable":true,"href":"https:\/\/www.acfo-acaf.com\/fr\/wp-json\/wp\/v2\/comments?post=5229"}],"version-history":[{"count":0,"href":"https:\/\/www.acfo-acaf.com\/fr\/wp-json\/wp\/v2\/posts\/5229\/revisions"}],"acf:term":[{"embeddable":true,"taxonomy":"group","href":"https:\/\/www.acfo-acaf.com\/fr\/wp-json\/wp\/v2\/group\/36"},{"embeddable":true,"taxonomy":"group","href":"https:\/\/www.acfo-acaf.com\/fr\/wp-json\/wp\/v2\/group\/34"},{"embeddable":true,"taxonomy":"group","href":"https:\/\/www.acfo-acaf.com\/fr\/wp-json\/wp\/v2\/group\/32"},{"embeddable":true,"taxonomy":"group","href":"https:\/\/www.acfo-acaf.com\/fr\/wp-json\/wp\/v2\/group\/30"},{"embeddable":true,"taxonomy":"category","href":"https:\/\/www.acfo-acaf.com\/fr\/wp-json\/wp\/v2\/categories\/50"}],"wp:featuredmedia":[{"embeddable":true,"href":"https:\/\/www.acfo-acaf.com\/fr\/wp-json\/wp\/v2\/media\/5228"}],"wp:attachment":[{"href":"https:\/\/www.acfo-acaf.com\/fr\/wp-json\/wp\/v2\/media?parent=5229"}],"wp:term":[{"taxonomy":"category","embeddable":true,"href":"https:\/\/www.acfo-acaf.com\/fr\/wp-json\/wp\/v2\/categories?post=5229"},{"taxonomy":"post_tag","embeddable":true,"href":"https:\/\/www.acfo-acaf.com\/fr\/wp-json\/wp\/v2\/tags?post=5229"}],"curies":[{"name":"wp","href":"https:\/\/api.w.org\/{rel}","templated":true}]}}