{"id":5451,"date":"2024-05-01T12:54:00","date_gmt":"2024-05-01T12:54:00","guid":{"rendered":"https:\/\/acfo2023.wpengine.com\/?p=5451"},"modified":"2024-05-02T13:04:13","modified_gmt":"2024-05-02T13:04:13","slug":"trop-cest-trop-lacfo-acaf-soppose-fermement-a-lobligation-de-travailler-trois-jours-par-semaine-au-bureau","status":"publish","type":"post","link":"https:\/\/www.acfo-acaf.com\/fr\/trop-cest-trop-lacfo-acaf-soppose-fermement-a-lobligation-de-travailler-trois-jours-par-semaine-au-bureau\/","title":{"rendered":"Trop c\u2019est trop\u00a0: l\u2019ACFO-ACAF s\u2019oppose fermement \u00e0 l\u2019obligation de travailler trois jours par semaine au bureau"},"content":{"rendered":"\n<p>Chers coll\u00e8gues,<\/p>\n\n\n\n<p>Comme vous l\u2019avez peut-\u00eatre vu, un\u00a0<a href=\"https:\/\/www.ledroit.com\/actualites\/actualites-locales\/fonction-publique\/2024\/04\/29\/les-fonctionnaires-federaux-travailleront-trois-jours-par-semaine-au-bureau-HRSARB2RCBDLTMKP7ECUILTJAY\/?utm_campaign=Template+Infolettre+Aujourd%27hui+-+Le+Droit&amp;utm_content=Template+-+Aujourd%27hui+-+LE+DROIT+-+NEWDynamic+-+NewAds&amp;utm_medium=email_action&amp;utm_source=customer.io&amp;utm_term=Lundi+29+avr.+2024\" target=\"_blank\" rel=\"noreferrer noopener\">article paru dans le journal\u00a0<em>Le Droit<\/em><\/a>\u00a0(s&rsquo;ouvre dans un nouvel onglet) lundi a r\u00e9v\u00e9l\u00e9 que la politique gouvernementale obligeant les employ\u00e9s de la fonction publique f\u00e9d\u00e9rale centrale \u00e0 se pr\u00e9senter sur leur lieu de travail deux jours par semaine au minimum sera modifi\u00e9e de telle sorte que ce minimum passera \u00e0 trois jours par semaine.<\/p>\n\n\n\n<p>Au cours d\u2019une r\u00e9union qui s\u2019est tenue aujourd\u2019hui entre les agents n\u00e9gociateurs f\u00e9d\u00e9raux et des repr\u00e9sentants du Bureau du dirigeant principal des ressources humaines (BDPRH),&nbsp;<strong>ces derniers<\/strong>&nbsp;<strong>ont confirm\u00e9 que l\u2019obligation de travailler trois jours par semaine au bureau sera mise en \u0153uvre par les administrateurs g\u00e9n\u00e9raux d\u2019ici le 9&nbsp;septembre 2024<\/strong>. Ils ont \u00e9galement indiqu\u00e9 qu\u2019ils allaient de l\u2019avant en ce qui concerne le plan visant \u00e0 r\u00e9duire de 50&nbsp;% l\u2019empreinte \u00e9cologique du gouvernement.<\/p>\n\n\n\n<p>Je tiens \u00e0 pr\u00e9ciser&nbsp;<strong>qu\u2019\u00e0 aucun moment le Conseil du Tr\u00e9sor n\u2019a consult\u00e9 les agents n\u00e9gociateurs f\u00e9d\u00e9raux au sujet de ce plan et que nous nous opposons cat\u00e9goriquement \u00e0 toute mesure imposant une exigence minimale de pr\u00e9sence sur le lieu de travail.<\/strong><\/p>\n\n\n\n<p>Je suis pr\u00e9sident de l\u2019ACFO-ACAF depuis 2016 et j\u2019ai toujours \u00e9t\u00e9 fier de la relation professionnelle et cordiale que nous entretenons avec l\u2019employeur \u2014 mais je n\u2019ai jamais vu un tel manque de respect et un tel m\u00e9pris pour les fonctionnaires, leur bien-\u00eatre et les principes fondamentaux de relations de travail efficaces.<\/p>\n\n\n\n<p><strong>Le temps de la cordialit\u00e9 est donc r\u00e9volu.<\/strong><\/p>\n\n\n\n<h2 class=\"wp-block-heading\">Ce que nous faisons<\/h2>\n\n\n\n<p>\u00c0 l\u2019ACFO-ACAF, nous d\u00e9fendons fermement le travail \u00e0 distance et le r\u00f4le qu\u2019il joue dans la conciliation travail-vie personnelle et dans la productivit\u00e9 de nos membres. Nous pr\u00e9conisons \u00e9galement une pr\u00e9sence volontaire au bureau plut\u00f4t que des contraintes horaires arbitraires, et nous sommes convaincus que l\u2019accent doit \u00eatre mis sur la qualit\u00e9 et l\u2019impact du travail, plut\u00f4t que sur la simple pr\u00e9sence physique au travail. Nous sommes aussi extr\u00eamement pr\u00e9occup\u00e9s par l\u2019intention du gouvernement de continuer \u00e0 r\u00e9duire son empreinte \u00e9cologique tout en augmentant la pr\u00e9sence en personne, alors que l\u2019empreinte actuelle ne peut m\u00eame pas \u00eatre g\u00e9r\u00e9e convenablement.<\/p>\n\n\n\n<p>En nous tenant dans l\u2019ignorance, l\u2019employeur a manqu\u00e9 \u00e0 son obligation l\u00e9gale, en vertu de la\u00a0<a href=\"https:\/\/laws.justice.gc.ca\/fra\/lois\/p-33.3\/page-2.html\" target=\"_blank\" rel=\"noreferrer noopener\">section 3<\/a> (s&rsquo;ouvre dans un nouvel onglet) de la\u00a0<em>Loi sur les relations de travail dans le secteur public f\u00e9d\u00e9ral<\/em>, de consulter les agents n\u00e9gociateurs sur les questions li\u00e9es au milieu de travail qui touchent nos membres.<\/p>\n\n\n\n<p>En outre, \u00e0 l\u2019issue des n\u00e9gociations de la convention collective de 2022, nous avons sign\u00e9 de bonne foi, avec le Conseil du Tr\u00e9sor,\u00a0<a href=\"https:\/\/www.acfo-acaf.com\/wp-content\/uploads\/2022\/12\/CT-Letter-of-Agreement-on-Hybrid-Work-Arrangements.pdf\" target=\"_blank\" rel=\"noreferrer noopener\">une lettre d\u2019entente<\/a>\u00a0(s&rsquo;ouvre dans un nouvel onglet, seulement disponible en anglais) portant sur les modalit\u00e9s de travail hybride. Cette entente a \u00e9t\u00e9 conclue dans l\u2019intention de favoriser une relation de collaboration avec l\u2019employeur en ce qui concerne le travail hybride.<\/p>\n\n\n\n<p>Le fait que l\u2019employeur n\u2019ait pas respect\u00e9 ces deux obligations et le manque d\u2019ouverture dont il a fait preuve en retenant de l\u2019information sur les modifications pr\u00e9vues \u00e0 sa politique en mati\u00e8re de travail hybride sont non seulement d\u00e9cevants, mais totalement inacceptables. C\u2019est pourquoi l\u2019ACFO-ACAF prendra rapidement les mesures suivantes&nbsp;:<\/p>\n\n\n\n<ul class=\"wp-block-list\">\n<li>D\u00e9p\u00f4t d\u2019un grief de principe concernant la lettre d\u2019entente et l\u2019absence de consultations;<\/li>\n\n\n\n<li>D\u00e9p\u00f4t d\u2019une plainte pour pratique d\u00e9loyale de travail en raison du non-respect de la section&nbsp;3 de la Loi;<\/li>\n\n\n\n<li>R\u00e9daction d\u2019une lettre conjointe au nom de tous les agents n\u00e9gociateurs du Conseil national mixte (CNM) \u00e0 l\u2019intention de la ministre Anand et du premier ministre Trudeau pour exprimer notre indignation et souligner l\u2019insuffisance de la r\u00e9ponse du SCT \u00e0 nos pr\u00e9occupations; et<\/li>\n\n\n\n<li>Collaboration avec nos coll\u00e8gues agents n\u00e9gociateurs du CNM pour une campagne conjointe visant \u00e0 faire \u00e9chec \u00e0 la d\u00e9cision du gouvernement et \u00e0 mettre fin au manque de respect \u00e0 l\u2019\u00e9gard des agents n\u00e9gociateurs et des fonctionnaires.<\/li>\n<\/ul>\n\n\n\n<p>Nous ne manquerons pas de vous faire part de l\u2019\u00e9volution de la situation ou des autres activit\u00e9s que nous pourrions entreprendre d\u00e8s que nous aurons plus d\u2019information.<\/p>\n\n\n\n<h2 class=\"wp-block-heading\">Ce que vous pouvez faire<\/h2>\n\n\n\n<p>En tant que groupe de pr\u00e8s de 7&nbsp;000&nbsp;professionnels tr\u00e8s comp\u00e9tents et dignes de confiance, la communaut\u00e9 CT d\u00e9tient un pouvoir collectif solide, et notre professionnalisme ne doit pas \u00eatre consid\u00e9r\u00e9 comme un signe de faiblesse. Ensemble, nous pouvons envoyer un message clair \u00e0 la ministre Anand et au premier ministre Trudeau concernant notre m\u00e9contentement \u00e0 l\u2019\u00e9gard du plan impos\u00e9 et de l\u2019absence totale de consultation.<\/p>\n\n\n\n<p>Il est certain que nous vous ferons savoir comment vous pouvez participer \u00e0 toute campagne publique que nous m\u00e8nerons. Entre-temps, nous vous encourageons \u00e0 utiliser votre voix et \u00e0 vous joindre aux milliers de fonctionnaires qui ont d\u00e9j\u00e0 agi en contactant leur d\u00e9put\u00e9 et la ministre Anand. Nous pr\u00e9parerons un mod\u00e8le de lettre \u00e0 envoyer et le partagerons avec vous sous peu.<\/p>\n\n\n\n<p>Pendant que ces diff\u00e9rentes formes d\u2019action sont en cours,&nbsp;<em>nous vous demandons de vous abstenir de contacter les relations de travail de l\u2019ACFO-ACAF \u00e0 ce sujet<\/em>&nbsp;jusqu\u2019\u00e0 ce que d\u2019autres renseignements soient communiqu\u00e9s, afin que les membres qui ont besoin d\u2019une assistance imm\u00e9diate en milieu de travail puissent \u00eatre aid\u00e9s et que les documents importants puissent \u00eatre r\u00e9dig\u00e9s rapidement.<\/p>\n\n\n\n<p>Mes chers coll\u00e8gues, je vous implore de faire entendre votre voix. La situation actuelle a \u00e9rod\u00e9 l\u2019\u00e9tat des relations de travail d\u2019une mani\u00e8re jamais vue, ce qui nous am\u00e8ne \u00e0 remettre en question l\u2019engagement du gouvernement lib\u00e9ral-n\u00e9o-d\u00e9mocrate \u00e0 travailler avec les syndicats. Soyez assur\u00e9s que nous ne tol\u00e9rerons pas que le Conseil du Tr\u00e9sor, la ministre Anand et le premier ministre Trudeau manifestent un tel manque de respect \u00e0 l\u2019\u00e9gard des pr\u00e9cieux fonctionnaires.<\/p>\n\n\n\n<p>Sinc\u00e8res salutations,<\/p>\n\n\n\n<p><strong>Dany Richard MBA, CPA, ICD.D<\/strong><br>Pr\u00e9sident de l\u2019ACFO-ACAF<\/p>\n","protected":false},"excerpt":{"rendered":"<p>Chers coll\u00e8gues, Comme vous l\u2019avez peut-\u00eatre vu, un\u00a0article paru dans le journal\u00a0Le Droit\u00a0(s&rsquo;ouvre dans un nouvel onglet) lundi a r\u00e9v\u00e9l\u00e9 [&hellip;]<\/p>\n","protected":false},"author":7,"featured_media":0,"comment_status":"closed","ping_status":"closed","sticky":false,"template":"","format":"standard","meta":{"_acf_changed":true,"footnotes":""},"categories":[72,24],"tags":[],"class_list":["post-5451","post","type-post","status-publish","format-standard","hentry","category-ca-travaille-a-distance","category-communiques-de-presse","group-ct-eav-fr","group-ct-fin-fr","group-ct-iau-fr"],"acf":{"categories":[24,72],"groups":[30,32,34],"canBeFeatured":false},"_links":{"self":[{"href":"https:\/\/www.acfo-acaf.com\/fr\/wp-json\/wp\/v2\/posts\/5451","targetHints":{"allow":["GET"]}}],"collection":[{"href":"https:\/\/www.acfo-acaf.com\/fr\/wp-json\/wp\/v2\/posts"}],"about":[{"href":"https:\/\/www.acfo-acaf.com\/fr\/wp-json\/wp\/v2\/types\/post"}],"author":[{"embeddable":true,"href":"https:\/\/www.acfo-acaf.com\/fr\/wp-json\/wp\/v2\/users\/7"}],"replies":[{"embeddable":true,"href":"https:\/\/www.acfo-acaf.com\/fr\/wp-json\/wp\/v2\/comments?post=5451"}],"version-history":[{"count":0,"href":"https:\/\/www.acfo-acaf.com\/fr\/wp-json\/wp\/v2\/posts\/5451\/revisions"}],"acf:term":[{"embeddable":true,"taxonomy":"group","href":"https:\/\/www.acfo-acaf.com\/fr\/wp-json\/wp\/v2\/group\/34"},{"embeddable":true,"taxonomy":"group","href":"https:\/\/www.acfo-acaf.com\/fr\/wp-json\/wp\/v2\/group\/32"},{"embeddable":true,"taxonomy":"group","href":"https:\/\/www.acfo-acaf.com\/fr\/wp-json\/wp\/v2\/group\/30"},{"embeddable":true,"taxonomy":"category","href":"https:\/\/www.acfo-acaf.com\/fr\/wp-json\/wp\/v2\/categories\/72"},{"embeddable":true,"taxonomy":"category","href":"https:\/\/www.acfo-acaf.com\/fr\/wp-json\/wp\/v2\/categories\/24"}],"wp:attachment":[{"href":"https:\/\/www.acfo-acaf.com\/fr\/wp-json\/wp\/v2\/media?parent=5451"}],"wp:term":[{"taxonomy":"category","embeddable":true,"href":"https:\/\/www.acfo-acaf.com\/fr\/wp-json\/wp\/v2\/categories?post=5451"},{"taxonomy":"post_tag","embeddable":true,"href":"https:\/\/www.acfo-acaf.com\/fr\/wp-json\/wp\/v2\/tags?post=5451"}],"curies":[{"name":"wp","href":"https:\/\/api.w.org\/{rel}","templated":true}]}}