{"id":5523,"date":"2024-05-13T19:04:34","date_gmt":"2024-05-13T19:04:34","guid":{"rendered":"https:\/\/www.acfo-acaf.com\/?p=5523"},"modified":"2024-05-14T13:57:39","modified_gmt":"2024-05-14T13:57:39","slug":"tirage-au-sort-du-pmpp-pour-les-cours-de-lautomne-demandez-une-formation-gratuite-des-aujourdhui","status":"publish","type":"post","link":"https:\/\/www.acfo-acaf.com\/fr\/tirage-au-sort-du-pmpp-pour-les-cours-de-lautomne-demandez-une-formation-gratuite-des-aujourdhui\/","title":{"rendered":"Tirage au sort du PMPP pour les cours de l\u2019automne\u00a0: demandez une formation gratuite d\u00e8s aujourd\u2019hui!"},"content":{"rendered":"\n<p>Vous pouvez d\u00e8s \u00e0 pr\u00e9sent faire une demande de participation \u00e0 la formation gratuite de la session d\u2019automne du Programme mixte de perfectionnement professionnel (PMPP). D\u00e9couvrez des activit\u00e9s tr\u00e8s recherch\u00e9es comme nos programmes d\u2019\u00e9change, profitez de possibilit\u00e9s d\u2019apprentissage riche et approfondi en leadership et en science des donn\u00e9es, ou choisissez un cours en classe sur un sujet de votre choix.<\/p>\n\n\n\n<p>Nous savons qu\u2019il y a beaucoup de choses \u00e0 faire ces jours-ci, mais ce programme, g\u00e9r\u00e9 en partenariat avec l\u2019employeur par l\u2019interm\u00e9diaire du Bureau du contr\u00f4leur g\u00e9n\u00e9ral, offre aux fonctionnaires membres de l\u2019ACFO-ACAF une occasion incroyable d\u2019investir dans leur perfectionnement professionnel. Nous vous encourageons fortement \u00e0 vous adresser \u00e0 votre gestionnaire et \u00e0 demander une formation qui est appuy\u00e9e par les cadres sup\u00e9rieurs et qui vous est offerte gratuitement.<\/p>\n\n\n\n<h3 class=\"wp-block-heading\"><br>Activit\u00e9s de la session d\u2019automne<\/h3>\n\n\n\n<p><a href=\"https:\/\/pd.acfo-acaf.com\/fr\/apprentissage-par-lexperience\/\" data-type=\"link\" data-id=\"https:\/\/pd.acfo-acaf.com\/fr\/apprentissage-par-lexperience\/\">Les \u00e9changes en r\u00e9gion et dans la RCN<\/a> sont de retour; ils vous offrent la possibilit\u00e9 de passer une semaine dans un tout nouvel environnement et de voir \u00e0 quoi ressemble la vie de vos coll\u00e8gues CT de l\u2019autre c\u00f4t\u00e9 de la ligne s\u00e9parant la RCN et les r\u00e9gions.<\/p>\n\n\n\n<ul class=\"wp-block-list\">\n<li><a href=\"https:\/\/pd.acfo-acaf.com\/fr\/apprentissage-par-lexperience\/#ncr\" data-type=\"link\" data-id=\"https:\/\/pd.acfo-acaf.com\/fr\/apprentissage-par-lexperience\/#ncr\">Programme d\u2019\u00e9change dans la RCN<\/a><\/li>\n\n\n\n<li><a href=\"https:\/\/pd.acfo-acaf.com\/fr\/apprentissage-par-lexperience\/#region\" data-type=\"link\" data-id=\"https:\/\/pd.acfo-acaf.com\/fr\/apprentissage-par-lexperience\/#region\">Programme d\u2019\u00e9change r\u00e9gional<\/a><\/li>\n<\/ul>\n\n\n\n<p>Le programme immersif et multimodal de <a href=\"https:\/\/pd.acfo-acaf.com\/fr\/cours\/lacademie-des-ct\/\" data-type=\"link\" data-id=\"https:\/\/pd.acfo-acaf.com\/fr\/cours\/lacademie-des-ct\/\">l\u2019Acad\u00e9mie des CT<\/a> s\u2019\u00e9tend \u00e0 l\u2019ensemble de la communaut\u00e9, avec la\u00a0<strong>Fili\u00e8re gestion,<\/strong>\u00a0qui offre aux nouveaux superviseurs une immersion dans toutes les comp\u00e9tences n\u00e9cessaires pour \u00eatre un chef d\u2019\u00e9quipe efficace, ainsi que la\u00a0<strong>Fili\u00e8re donn\u00e9es<\/strong>, programme qui sera mis \u00e0 l\u2019essai pour les personnes qui souhaitent devenir plus comp\u00e9tentes comme analystes dans un monde ax\u00e9 sur les donn\u00e9es.<\/p>\n\n\n\n<ul class=\"wp-block-list\">\n<li><a href=\"https:\/\/pd.acfo-acaf.com\/fr\/cours\/lacademie-des-ct\/#management\" data-type=\"link\" data-id=\"https:\/\/pd.acfo-acaf.com\/fr\/cours\/lacademie-des-ct\/#management\">L\u2019Acad\u00e9mie des CT : Fili\u00e8re gestion<\/a><\/li>\n\n\n\n<li><a href=\"https:\/\/pd.acfo-acaf.com\/fr\/cours\/lacademie-des-ct\/#data\" data-type=\"link\" data-id=\"https:\/\/pd.acfo-acaf.com\/fr\/cours\/lacademie-des-ct\/#data\">L\u2019Acad\u00e9mie des CT : Fili\u00e8re donn\u00e9es<\/a><\/li>\n<\/ul>\n\n\n\n<p>Un large \u00e9ventail de <a href=\"https:\/\/pd.acfo-acaf.com\/fr\/cours\/\" data-type=\"link\" data-id=\"https:\/\/pd.acfo-acaf.com\/fr\/cours\/\">cours en classe<\/a> feront \u00e0 nouveau partie du programme, avec des sujets populaires tels que\u00a0<strong>les communications et l\u2019influence<\/strong>,\u00a0<strong>l\u2019\u00e9thique<\/strong>\u00a0en milieu de travail et\u00a0<strong>Power BI<\/strong>. Nous mettons \u00e9galement en place pour la premi\u00e8re fois un certificat de\u00a0<strong>premiers soins en sant\u00e9 mentale<\/strong>\u00a0dans le cadre du PMPP.<\/p>\n\n\n\n<ul class=\"wp-block-list\">\n<li><a href=\"https:\/\/pd.acfo-acaf.com\/fr\/cours\/#communication\" data-type=\"link\" data-id=\"https:\/\/pd.acfo-acaf.com\/fr\/cours\/#communication\">\u00c9l\u00e9ments essentiels de la communication<\/a><\/li>\n\n\n\n<li><a href=\"https:\/\/pd.acfo-acaf.com\/fr\/cours\/#conversation\" data-type=\"link\" data-id=\"https:\/\/pd.acfo-acaf.com\/fr\/cours\/#conversation\">Les conversations difficiles<\/a><\/li>\n\n\n\n<li><a href=\"https:\/\/pd.acfo-acaf.com\/fr\/cours\/#ethics\" data-type=\"link\" data-id=\"https:\/\/pd.acfo-acaf.com\/fr\/cours\/#ethics\">Maintenir l\u2019\u00e9thique en milieu de travail<\/a><\/li>\n\n\n\n<li><a href=\"https:\/\/pd.acfo-acaf.com\/fr\/cours\/#trust\" data-type=\"link\" data-id=\"https:\/\/pd.acfo-acaf.com\/fr\/cours\/#trust\">Favoriser la confiance et acqu\u00e9rir de l\u2019influence<\/a><\/li>\n\n\n\n<li><a href=\"https:\/\/pd.acfo-acaf.com\/fr\/cours\/#ifsd\" data-type=\"link\" data-id=\"https:\/\/pd.acfo-acaf.com\/fr\/cours\/#ifsd\">Cours 360\u00b0 de l\u2019IFPD<\/a><\/li>\n\n\n\n<li><a href=\"https:\/\/pd.acfo-acaf.com\/fr\/cours\/#powerbi\" data-type=\"link\" data-id=\"https:\/\/pd.acfo-acaf.com\/fr\/cours\/#powerbi\">Introduction \u00e0 Power BI<\/a><\/li>\n\n\n\n<li><a href=\"https:\/\/pd.acfo-acaf.com\/fr\/cours\/#mhfa\" data-type=\"link\" data-id=\"https:\/\/pd.acfo-acaf.com\/fr\/cours\/#mhfa\">Premiers soins en sant\u00e9 mentale<\/a><\/li>\n<\/ul>\n\n\n\n<p>Apprenez-en davantage sur les activit\u00e9s offertes sur le <a href=\"https:\/\/pd.acfo-acaf.com\/fr\/\" data-type=\"link\" data-id=\"https:\/\/pd.acfo-acaf.com\/fr\/\">nouveau microsite de perfectionnement professionnel de l\u2019ACFO-ACAF<\/a>. <\/p>\n\n\n\n<h3 class=\"wp-block-heading\"><br>Comment participer<\/h3>\n\n\n\n<p>Comme d\u2019habitude, les participants aux formations en classe et \u00e0 nos programmes d\u2019\u00e9change seront choisis par tirage au sort, tout comme les participants aux programmes de l\u2019Acad\u00e9mie des CT. Donc si l\u2019une de ces formations vous int\u00e9resse,&nbsp;<strong>pr\u00e9sentez votre candidature d\u2019ici au vendredi 21 juin!<\/strong><\/p>\n\n\n\n<p><a href=\"https:\/\/www.research.net\/r\/JCDP-FALL24?lang=fr\" data-type=\"link\" data-id=\"https:\/\/www.research.net\/r\/JCDP-FALL24?lang=fr\" target=\"_blank\" rel=\"noreferrer noopener\">Pr\u00e9sentez votre demande de participation maintenant<\/a> (s&rsquo;ouvre dans un nouvel onglet) !<\/p>\n","protected":false},"excerpt":{"rendered":"<p>Vous pouvez d\u00e8s \u00e0 pr\u00e9sent faire une demande de participation \u00e0 la formation gratuite de la session d\u2019automne du Programme [&hellip;]<\/p>\n","protected":false},"author":4,"featured_media":5524,"comment_status":"closed","ping_status":"closed","sticky":false,"template":"","format":"standard","meta":{"_acf_changed":false,"footnotes":""},"categories":[38,50],"tags":[],"class_list":["post-5523","post","type-post","status-publish","format-standard","has-post-thumbnail","hentry","category-mise-jour","category-perfectionnement-professionnel","group-ct-eav-fr","group-ct-fin-fr","group-ct-iau-fr"],"acf":{"categories":[38,50],"groups":[30,32,34],"canBeFeatured":false},"_links":{"self":[{"href":"https:\/\/www.acfo-acaf.com\/fr\/wp-json\/wp\/v2\/posts\/5523","targetHints":{"allow":["GET"]}}],"collection":[{"href":"https:\/\/www.acfo-acaf.com\/fr\/wp-json\/wp\/v2\/posts"}],"about":[{"href":"https:\/\/www.acfo-acaf.com\/fr\/wp-json\/wp\/v2\/types\/post"}],"author":[{"embeddable":true,"href":"https:\/\/www.acfo-acaf.com\/fr\/wp-json\/wp\/v2\/users\/4"}],"replies":[{"embeddable":true,"href":"https:\/\/www.acfo-acaf.com\/fr\/wp-json\/wp\/v2\/comments?post=5523"}],"version-history":[{"count":0,"href":"https:\/\/www.acfo-acaf.com\/fr\/wp-json\/wp\/v2\/posts\/5523\/revisions"}],"acf:term":[{"embeddable":true,"taxonomy":"group","href":"https:\/\/www.acfo-acaf.com\/fr\/wp-json\/wp\/v2\/group\/34"},{"embeddable":true,"taxonomy":"group","href":"https:\/\/www.acfo-acaf.com\/fr\/wp-json\/wp\/v2\/group\/32"},{"embeddable":true,"taxonomy":"group","href":"https:\/\/www.acfo-acaf.com\/fr\/wp-json\/wp\/v2\/group\/30"},{"embeddable":true,"taxonomy":"category","href":"https:\/\/www.acfo-acaf.com\/fr\/wp-json\/wp\/v2\/categories\/50"},{"embeddable":true,"taxonomy":"category","href":"https:\/\/www.acfo-acaf.com\/fr\/wp-json\/wp\/v2\/categories\/38"}],"wp:featuredmedia":[{"embeddable":true,"href":"https:\/\/www.acfo-acaf.com\/fr\/wp-json\/wp\/v2\/media\/5524"}],"wp:attachment":[{"href":"https:\/\/www.acfo-acaf.com\/fr\/wp-json\/wp\/v2\/media?parent=5523"}],"wp:term":[{"taxonomy":"category","embeddable":true,"href":"https:\/\/www.acfo-acaf.com\/fr\/wp-json\/wp\/v2\/categories?post=5523"},{"taxonomy":"post_tag","embeddable":true,"href":"https:\/\/www.acfo-acaf.com\/fr\/wp-json\/wp\/v2\/tags?post=5523"}],"curies":[{"name":"wp","href":"https:\/\/api.w.org\/{rel}","templated":true}]}}