{"id":5841,"date":"2024-09-23T17:32:01","date_gmt":"2024-09-23T17:32:01","guid":{"rendered":"https:\/\/www.acfo-acaf.com\/?p=5841"},"modified":"2024-09-23T17:33:52","modified_gmt":"2024-09-23T17:33:52","slug":"journee-nationale-de-la-verite-et-de-la-reconciliation-2024-apprendre-en-ecoutant","status":"publish","type":"post","link":"https:\/\/www.acfo-acaf.com\/fr\/journee-nationale-de-la-verite-et-de-la-reconciliation-2024-apprendre-en-ecoutant\/","title":{"rendered":"Journ\u00e9e nationale de la v\u00e9rit\u00e9 et de la r\u00e9conciliation\u202f2024\u202f: Apprendre en \u00e9coutant\u00a0"},"content":{"rendered":"\n<p>Le 30\u202fseptembre 2024 marquera la quatri\u00e8me Journ\u00e9e nationale annuelle de la v\u00e9rit\u00e9 et de la r\u00e9conciliation. En ce jour, nous sommes appel\u00e9s \u00e0 interrompre nos activit\u00e9s quotidiennes et \u00e0 rendre hommage aux enfants autochtones qui ne sont jamais rentr\u00e9s chez eux apr\u00e8s avoir fr\u00e9quent\u00e9 les pensionnats, ainsi qu\u2019aux survivants, \u00e0 leur famille et \u00e0 leur communaut\u00e9.\u202f&nbsp;<\/p>\n\n\n\n<p>Bien que l\u2019ACFO-ACAF reconnaisse l\u2019importance de ce rappel annuel des injustices et des trag\u00e9dies auxquelles sont confront\u00e9s les peuples autochtones, nous pensons que pour&nbsp;cr\u00e9er&nbsp;un avenir meilleur, il faut s\u2019engager \u00e0 agir tout au long de l\u2019ann\u00e9e. Voici une liste de quelques actions que nous avons men\u00e9es ces derni\u00e8res ann\u00e9es pour contribuer au changement que nous esp\u00e9rons voir s\u2019op\u00e9rer\u202f:\u202f&nbsp;<\/p>\n\n\n\n<ul class=\"wp-block-list\">\n<li>Nous avons obtenu de nouvelles dispositions dans la convention collective pour les membres autochtones de la communaut\u00e9 CT, qui comprennent cinq jours de cong\u00e9 au total, dont deux jours de cong\u00e9 pay\u00e9, pour les employ\u00e9s autochtones, afin qu\u2019ils puissent participer \u00e0 des activit\u00e9s traditionnelles ax\u00e9es sur la terre, comme la chasse, la p\u00eache et la r\u00e9colte.&nbsp;<\/li>\n<\/ul>\n\n\n\n<ul class=\"wp-block-list\">\n<li>Nous avons organis\u00e9 plusieurs s\u00e9ances de formation pour notre personnel et les membres de la communaut\u00e9 CT, avec des animateurs autochtones qui ont racont\u00e9 leurs histoires personnelles et expliqu\u00e9 leurs points de vue sur des moments cl\u00e9s de l\u2019histoire canadienne.\u202f\u202f&nbsp;<\/li>\n<\/ul>\n\n\n\n<ul class=\"wp-block-list\">\n<li>Nous avons fait en sorte que <a href=\"https:\/\/nwac.ca\/\" target=\"_blank\" rel=\"noreferrer noopener\">l\u2019Association des femmes autochtones du Canada<\/a> (s&rsquo;ouvre dans un nouvel onglet) fournisse les services de traiteur pour de multiples petits \u00e9v\u00e9nements.&nbsp;<\/li>\n<\/ul>\n\n\n\n<ul class=\"wp-block-list\">\n<li>Nous avons modifi\u00e9 notre <a href=\"https:\/\/www.acfo-acaf.com\/fr\/a-propos-de-lacfo-acaf\/#:~:text=Appuyer%2C%20promouvoir%20et%20prot%C3%A9ger%20leurs%20droits%20et%20int%C3%A9r%C3%AAts%20individuels%20ainsi%20que%20ceux%20de%20l%E2%80%99ensemble%20de%20notre%20communaut%C3%A9%20de%20mani%C3%A8re%20%C3%A9quitable%2C%20diversifi%C3%A9e%20et%20inclusive.\">\u00e9nonc\u00e9 de mission<\/a> pour refl\u00e9ter notre engagement envers l\u2019\u00e9quit\u00e9, la diversit\u00e9, l\u2019inclusion et\u00a0l\u2019antiracisme (EDIAR)\u00a0afin de mieux tenir compte des ant\u00e9c\u00e9dents, des points de vue et des exp\u00e9riences uniques des personnes au sein de notre organisation, de la communaut\u00e9 CT et de la communaut\u00e9 FI de NAV Canada.\u202f\u00a0<\/li>\n<\/ul>\n\n\n\n<p>Nous sommes tr\u00e8s fiers de ces initiatives et nous nous engageons \u00e0 chercher de nouvelles occasions d\u2019honorer l\u2019histoire autochtone dans notre travail au cours de l\u2019ann\u00e9e \u00e0 venir.\u202f&nbsp;<\/p>\n\n\n\n<h2 class=\"wp-block-heading\"><strong>Possibilit\u00e9s d\u2019apprentissage<\/strong><\/h2>\n\n\n\n<p>Au cours de la semaine qui pr\u00e9c\u00e8de la Journ\u00e9e nationale de la v\u00e9rit\u00e9 et de la r\u00e9conciliation, les membres de l\u2019ACFO-ACAF auront un certain nombre d\u2019occasions de participer \u00e0 des s\u00e9ances d\u2019information informelles qui les aideront \u00e0 mieux comprendre la culture et les r\u00e9alit\u00e9s des peuples autochtones au Canada, tant dans le pass\u00e9 que dans le pr\u00e9sent.\u202f\u202f&nbsp;<\/p>\n\n\n\n<h3 class=\"wp-block-heading\"><strong>Centre national pour la v\u00e9rit\u00e9 et la r\u00e9conciliation \u2013 d\u00eeners d\u2019informations<\/strong>&nbsp;<\/h3>\n\n\n\n<p>Au cours de la semaine pr\u00e9c\u00e9dant la Journ\u00e9e nationale pour la v\u00e9rit\u00e9 et la r\u00e9conciliation, le <a href=\"https:\/\/nctr.ca\/?lang=fr\" target=\"_blank\" rel=\"noreferrer noopener\">Centre national pour la v\u00e9rit\u00e9 et la r\u00e9conciliation<\/a> (s&rsquo;ouvre dans un nouvel onglet) organisera des ateliers gratuits d\u2019une heure <strong>tous les jours de 13\u202fh 00 \u00e0 14\u202fh 00 HE<\/strong>. Vous trouverez ci-dessous la liste compl\u00e8te des s\u00e9ances organis\u00e9es cette semaine et les liens d\u2019inscription.\u202f\u202f&nbsp;<\/p>\n\n\n\n<ul class=\"wp-block-list\">\n<li>Lundi\u202f23\u202fseptembre\u202f: R\u00e9percussions sur la sant\u00e9 du syst\u00e8me des pensionnats (s\u2019inscrire, s&rsquo;ouvre dans un nouvel onglet)\u202f&nbsp;<\/li>\n<\/ul>\n\n\n\n<ul class=\"wp-block-list\">\n<li>Mardi\u202f24\u202fseptembre\u202f: L\u2019alliance et la lutte contre les pr\u00e9jug\u00e9s inconscients (<a href=\"https:\/\/trw-svr.nctr.ca\/lunch-and-learns\/#:~:text=Tuesday%2C%20September%2024\" target=\"_blank\" rel=\"noreferrer noopener\">s\u2019inscrire<\/a>, s&rsquo;ouvre dans un nouvel onglet)\u202f\u202f&nbsp;<\/li>\n<\/ul>\n\n\n\n<ul class=\"wp-block-list\">\n<li>Mercredi\u202f25\u202fseptembre\u202f: Les r\u00e9percussions et le traitement de la fraude \u00e0 l\u2019identit\u00e9 des Autochtones (<a href=\"https:\/\/trw-svr.nctr.ca\/lunch-and-learns\/#:~:text=Wednesday%2C%20September%2025\" target=\"_blank\" rel=\"noreferrer noopener\">s\u2019inscrire<\/a>, s&rsquo;ouvre dans un nouvel onglet)\u202f\u202f&nbsp;<\/li>\n<\/ul>\n\n\n\n<ul class=\"wp-block-list\">\n<li>Jeudi\u202f26\u202fseptembre\u202f: Une perspective communautaire de la d\u00e9claration des Nations Unies sur les droits des peuples autochtones (<a href=\"https:\/\/trw-svr.nctr.ca\/lunch-and-learns\/#:~:text=Thursday%2C%20September%2026\" target=\"_blank\" rel=\"noreferrer noopener\">s\u2019inscrire<\/a>, s&rsquo;ouvre dans un nouvel onglet)&nbsp;<\/li>\n<\/ul>\n\n\n\n<ul class=\"wp-block-list\">\n<li>Vendredi\u202f27\u202fseptembre\u202f: Comment s\u2019attaquer aux obstacles \u00e0 la r\u00e9conciliation? (<a href=\"https:\/\/trw-svr.nctr.ca\/lunch-and-learns\/#:~:text=Friday%2C%20September%2027\" target=\"_blank\" rel=\"noreferrer noopener\">s\u2019inscrire<\/a>, s&rsquo;ouvre dans un nouvel onglet)\u202f\u202f&nbsp;<\/li>\n<\/ul>\n\n\n\n<h3 class=\"wp-block-heading\"><strong>S\u00e9rie d\u2019apprentissage EDILR\u202f: La bispiritualit\u00e9<\/strong>&nbsp;<\/h3>\n\n\n\n<p>Le 17\u202fseptembre, nous avons organis\u00e9 notre plus r\u00e9cente s\u00e9ance de la s\u00e9rie d\u2019apprentissage EDIAR, au cours de laquelle Teddy Syrette, un expert en sant\u00e9 mentale bispirituel et anichinab\u00e9e de la r\u00e9serve Rankin de la nation Batchewana, a fait une pr\u00e9sentation. Teddy s\u2019est joint \u00e0 nous pour discuter du travail de d\u00e9fense de la justice sociale effectu\u00e9 pour les peuples et les communaut\u00e9s bispirituels, des Premi\u00e8res Nations et LGBTQ+.\u202f\u202f&nbsp;&nbsp;<\/p>\n\n\n\n<p>Les membres de l\u2019ACFO-ACAF qui n\u2019ont pas pu assister \u00e0 la s\u00e9ance, mais qui souhaitent en visionner l\u2019enregistrement, peuvent le faire sur le <a href=\"https:\/\/my.acfo-acaf.com\/login.aspx?ReturnUrl=%2fcontent%2f25%2fvideoarchives.aspx\" target=\"_blank\" rel=\"noreferrer noopener\">portail des membres de l\u2019ACFO-ACAF<\/a>.&nbsp;&nbsp;&nbsp;<\/p>\n\n\n\n<h2 class=\"wp-block-heading\"><strong>Soutenir les organisations et les entreprises dirig\u00e9es par des Autochtones<\/strong>&nbsp;<\/h2>\n\n\n\n<p>Si vous cherchez d\u2019autres moyens de soutenir les peuples autochtones partout au pays, vous pouvez consulter ces entreprises, organisations et ressources dirig\u00e9es par des Autochtones qui donnent un aper\u00e7u des voix autochtones\u202f:\u202f\u202f&nbsp;<\/p>\n\n\n\n<ul class=\"wp-block-list\">\n<li><a href=\"https:\/\/afn.ca\/fr\/accueil\/\" target=\"_blank\" rel=\"noreferrer noopener\">Assembl\u00e9e des Premi\u00e8res Nations<\/a>\u202f (s&rsquo;ouvre dans un nouvel onglet)<\/li>\n<\/ul>\n\n\n\n<ul class=\"wp-block-list\">\n<li><a href=\"https:\/\/abo-peoples.org\/\" target=\"_blank\" rel=\"noreferrer noopener\">Congress of Aboriginal Peoples<\/a>\u202f&nbsp;(s&rsquo;ouvre dans un nouvel onglet)<\/li>\n<\/ul>\n\n\n\n<ul class=\"wp-block-list\">\n<li><a href=\"https:\/\/indspire.ca\/\" target=\"_blank\" rel=\"noreferrer noopener\">Indspire<\/a>\u202f&nbsp;(s&rsquo;ouvre dans un nouvel onglet)<\/li>\n<\/ul>\n\n\n\n<ul class=\"wp-block-list\">\n<li><a href=\"https:\/\/www.itk.ca\/\" target=\"_blank\" rel=\"noreferrer noopener\">Inuit Tapiriit Kanatami<\/a>\u202f&nbsp;(s&rsquo;ouvre dans un nouvel onglet)<\/li>\n<\/ul>\n\n\n\n<ul class=\"wp-block-list\">\n<li><a href=\"https:\/\/pauktuutit.ca\/\" target=\"_blank\" rel=\"noreferrer noopener\">Inuit Women of Canada<\/a>\u202f&nbsp;(s&rsquo;ouvre dans un nouvel onglet)<\/li>\n<\/ul>\n\n\n\n<ul class=\"wp-block-list\">\n<li><a href=\"https:\/\/www2.metisnation.ca\/metis-nation-2020\/\" target=\"_blank\" rel=\"noreferrer noopener\">M\u00e9tis Nation<\/a>\u202f&nbsp;(s&rsquo;ouvre dans un nouvel onglet)<\/li>\n<\/ul>\n\n\n\n<ul class=\"wp-block-list\">\n<li><a href=\"https:\/\/nativenorthwest.ca\/\" target=\"_blank\" rel=\"noreferrer noopener\">Native Northwest \u2013 Art by Indigenous Artists<\/a>\u202f&nbsp;(s&rsquo;ouvre dans un nouvel onglet)<\/li>\n<\/ul>\n\n\n\n<ul class=\"wp-block-list\">\n<li><a href=\"https:\/\/www.nwac.ca\/\" target=\"_blank\" rel=\"noreferrer noopener\">Association des femmes autochtones du Canada<\/a>\u202f&nbsp;(s&rsquo;ouvre dans un nouvel onglet)<\/li>\n<\/ul>\n\n\n\n<ul class=\"wp-block-list\">\n<li><a href=\"https:\/\/www2.gov.bc.ca\/assets\/gov\/british-columbians-our-governments\/indigenous-people\/aboriginal-peoples-documents\/calls_to_action_english2.pdf\" target=\"_blank\" rel=\"noreferrer noopener\">Appels \u00e0 l\u2019action de la Commission de v\u00e9rit\u00e9 et r\u00e9conciliation<\/a>\u202f&nbsp;(s&rsquo;ouvre dans un nouvel onglet)<\/li>\n<\/ul>\n","protected":false},"excerpt":{"rendered":"<p>Le 30\u202fseptembre 2024 marquera la quatri\u00e8me Journ\u00e9e nationale annuelle de la v\u00e9rit\u00e9 et de la r\u00e9conciliation. En ce jour, nous [&hellip;]<\/p>\n","protected":false},"author":7,"featured_media":5843,"comment_status":"closed","ping_status":"closed","sticky":false,"template":"","format":"standard","meta":{"_acf_changed":true,"footnotes":""},"categories":[74,38],"tags":[],"class_list":["post-5841","post","type-post","status-publish","format-standard","has-post-thumbnail","hentry","category-ediar-fr","category-mise-jour","group-ct-eav-fr","group-ct-fin-fr","group-ct-iau-fr","group-nav-canada-fl-fr"],"acf":{"categories":[38,74],"groups":[30,32,34,36],"canBeFeatured":false},"_links":{"self":[{"href":"https:\/\/www.acfo-acaf.com\/fr\/wp-json\/wp\/v2\/posts\/5841","targetHints":{"allow":["GET"]}}],"collection":[{"href":"https:\/\/www.acfo-acaf.com\/fr\/wp-json\/wp\/v2\/posts"}],"about":[{"href":"https:\/\/www.acfo-acaf.com\/fr\/wp-json\/wp\/v2\/types\/post"}],"author":[{"embeddable":true,"href":"https:\/\/www.acfo-acaf.com\/fr\/wp-json\/wp\/v2\/users\/7"}],"replies":[{"embeddable":true,"href":"https:\/\/www.acfo-acaf.com\/fr\/wp-json\/wp\/v2\/comments?post=5841"}],"version-history":[{"count":0,"href":"https:\/\/www.acfo-acaf.com\/fr\/wp-json\/wp\/v2\/posts\/5841\/revisions"}],"acf:term":[{"embeddable":true,"taxonomy":"group","href":"https:\/\/www.acfo-acaf.com\/fr\/wp-json\/wp\/v2\/group\/36"},{"embeddable":true,"taxonomy":"group","href":"https:\/\/www.acfo-acaf.com\/fr\/wp-json\/wp\/v2\/group\/34"},{"embeddable":true,"taxonomy":"group","href":"https:\/\/www.acfo-acaf.com\/fr\/wp-json\/wp\/v2\/group\/32"},{"embeddable":true,"taxonomy":"group","href":"https:\/\/www.acfo-acaf.com\/fr\/wp-json\/wp\/v2\/group\/30"},{"embeddable":true,"taxonomy":"category","href":"https:\/\/www.acfo-acaf.com\/fr\/wp-json\/wp\/v2\/categories\/74"},{"embeddable":true,"taxonomy":"category","href":"https:\/\/www.acfo-acaf.com\/fr\/wp-json\/wp\/v2\/categories\/38"}],"wp:featuredmedia":[{"embeddable":true,"href":"https:\/\/www.acfo-acaf.com\/fr\/wp-json\/wp\/v2\/media\/5843"}],"wp:attachment":[{"href":"https:\/\/www.acfo-acaf.com\/fr\/wp-json\/wp\/v2\/media?parent=5841"}],"wp:term":[{"taxonomy":"category","embeddable":true,"href":"https:\/\/www.acfo-acaf.com\/fr\/wp-json\/wp\/v2\/categories?post=5841"},{"taxonomy":"post_tag","embeddable":true,"href":"https:\/\/www.acfo-acaf.com\/fr\/wp-json\/wp\/v2\/tags?post=5841"}],"curies":[{"name":"wp","href":"https:\/\/api.w.org\/{rel}","templated":true}]}}