{"id":6114,"date":"2025-01-28T19:48:05","date_gmt":"2025-01-28T19:48:05","guid":{"rendered":"https:\/\/www.acfo-acaf.com\/?p=6114"},"modified":"2025-01-28T19:50:25","modified_gmt":"2025-01-28T19:50:25","slug":"serie-de-formations-ediar-de-lacfo-acaf-outils-pratiques-pour-resoudre-les-problemes-sur-le-lieu-de-travail","status":"publish","type":"post","link":"https:\/\/www.acfo-acaf.com\/fr\/serie-de-formations-ediar-de-lacfo-acaf-outils-pratiques-pour-resoudre-les-problemes-sur-le-lieu-de-travail\/","title":{"rendered":"S\u00e9rie de formations EDIAR de l\u2019ACFO-ACAF : Outils pratiques pour r\u00e9soudre les probl\u00e8mes sur le lieu de travail"},"content":{"rendered":"\n<p>L\u2019ACFO-ACAF a fix\u00e9 la date de la prochaine s\u00e9ance de sa s\u00e9rie de formations sur l\u2019EDIAR. Cette s\u00e9rie de webinaires donne aux membres de l\u2019ACFO-ACAF l\u2019occasion de se r\u00e9unir \u00e0 l\u2019heure du d\u00eener pour discuter de sujets li\u00e9s \u00e0 l\u2019\u00e9quit\u00e9, \u00e0 la diversit\u00e9, \u00e0 l\u2019inclusion et \u00e0 l\u2019antiracisme (EDIAR).\u202f<\/p>\n\n\n\n<p>La s\u00e9ance de f\u00e9vrier sera anim\u00e9e par Danielle Lafleur, une conseill\u00e8re en \u00e9valuation des emplois, classification et \u00e9quit\u00e9, qui poss\u00e8de plus de 14 ans d&rsquo;exp\u00e9rience \u00e0 l&rsquo;ACFO-ACAF. Danielle a trait\u00e9 des milliers de cas li\u00e9s \u00e0 des probl\u00e8mes sur le lieu de travail, ce qui a permis d&rsquo;acqu\u00e9rir des connaissances pr\u00e9cieuses sur les meilleures fa\u00e7ons de les r\u00e9soudre.&nbsp;Au cours de cette s\u00e9ance, elle partagera ces connaissances avec les participants, nous donnant tous les outils pratiques dont nous avons besoin pour r\u00e9soudre les probl\u00e8mes en milieu de travail.<\/p>\n\n\n\n<p>En particulier, elle discutera des points suivants :&nbsp;<\/p>\n\n\n\n<ul class=\"wp-block-list\">\n<li>L&rsquo;impact des probl\u00e8mes au travail sur le moral des individus et des \u00e9quipes ;<\/li>\n\n\n\n<li>Les obstacles les plus communs \u00e0 la r\u00e9solution des probl\u00e8mes ;<\/li>\n\n\n\n<li>Comment pr\u00e9venir les probl\u00e8mes sur le lieu de travail ;<\/li>\n\n\n\n<li>Les moyens efficaces de r\u00e9soudre les probl\u00e8mes li\u00e9s au lieu de travail ; et<\/li>\n\n\n\n<li>Comment les probl\u00e8mes li\u00e9s au lieu de travail peuvent \u00eatre utiles.<\/li>\n<\/ul>\n\n\n\n<p>Une session en anglais aura lieu le\u00a0<strong>lundi 3 f\u00e9vrier, de 12 h 00 \u00e0 13 h 00 HE<\/strong>, suivie d&rsquo;une session en fran\u00e7ais le\u00a0<strong>lundi 10 f\u00e9vrier, de 12 h 00 \u00e0 13 h 00 HE<\/strong>. Les sessions seront anim\u00e9es virtuellement sur MS Teams, et un enregistrement sera disponible sur le <a href=\"https:\/\/my.acfo-acaf.com\/login.aspx?ReturnUrl=%2flanguage.axd%3flanguageid%3d2\" data-type=\"link\" data-id=\"https:\/\/my.acfo-acaf.com\/login.aspx?ReturnUrl=%2flanguage.axd%3flanguageid%3d2\">portail des membres de l&rsquo;ACFO-ACAF<\/a>.<\/p>\n\n\n\n<p>Si vous souhaitez y participer, veuillez contacter\u00a0<a href=\"mailto:communications@acfo-acaf.com\" target=\"_blank\" rel=\"noreferrer noopener\">communications@acfo-acaf.com<\/a>\u00a0pour obtenir les liens permettant de s\u2019inscrire.<\/p>\n\n\n\n<p>Pour toute question concernant la session, veuillez contacter&nbsp;<a href=\"mailto:events@acfo-acaf.com\" target=\"_blank\" rel=\"noreferrer noopener\">events@acfo-acaf.com<\/a>.<\/p>\n\n\n\n<p>Merci et au plaisir de vous voir !<\/p>\n","protected":false},"excerpt":{"rendered":"<p>L\u2019ACFO-ACAF a fix\u00e9 la date de la prochaine s\u00e9ance de sa s\u00e9rie de formations sur l\u2019EDIAR. Cette s\u00e9rie de webinaires [&hellip;]<\/p>\n","protected":false},"author":7,"featured_media":5414,"comment_status":"closed","ping_status":"closed","sticky":false,"template":"","format":"standard","meta":{"_acf_changed":true,"footnotes":""},"categories":[74,38],"tags":[],"class_list":["post-6114","post","type-post","status-publish","format-standard","has-post-thumbnail","hentry","category-ediar-fr","category-mise-jour","group-ct-eav-fr","group-ct-fin-fr","group-ct-iau-fr","group-nav-canada-fl-fr"],"acf":{"categories":[74,38],"groups":[30,32,34,36],"canBeFeatured":false},"_links":{"self":[{"href":"https:\/\/www.acfo-acaf.com\/fr\/wp-json\/wp\/v2\/posts\/6114","targetHints":{"allow":["GET"]}}],"collection":[{"href":"https:\/\/www.acfo-acaf.com\/fr\/wp-json\/wp\/v2\/posts"}],"about":[{"href":"https:\/\/www.acfo-acaf.com\/fr\/wp-json\/wp\/v2\/types\/post"}],"author":[{"embeddable":true,"href":"https:\/\/www.acfo-acaf.com\/fr\/wp-json\/wp\/v2\/users\/7"}],"replies":[{"embeddable":true,"href":"https:\/\/www.acfo-acaf.com\/fr\/wp-json\/wp\/v2\/comments?post=6114"}],"version-history":[{"count":0,"href":"https:\/\/www.acfo-acaf.com\/fr\/wp-json\/wp\/v2\/posts\/6114\/revisions"}],"acf:term":[{"embeddable":true,"taxonomy":"group","href":"https:\/\/www.acfo-acaf.com\/fr\/wp-json\/wp\/v2\/group\/36"},{"embeddable":true,"taxonomy":"group","href":"https:\/\/www.acfo-acaf.com\/fr\/wp-json\/wp\/v2\/group\/34"},{"embeddable":true,"taxonomy":"group","href":"https:\/\/www.acfo-acaf.com\/fr\/wp-json\/wp\/v2\/group\/32"},{"embeddable":true,"taxonomy":"group","href":"https:\/\/www.acfo-acaf.com\/fr\/wp-json\/wp\/v2\/group\/30"},{"embeddable":true,"taxonomy":"category","href":"https:\/\/www.acfo-acaf.com\/fr\/wp-json\/wp\/v2\/categories\/38"},{"embeddable":true,"taxonomy":"category","href":"https:\/\/www.acfo-acaf.com\/fr\/wp-json\/wp\/v2\/categories\/74"}],"wp:featuredmedia":[{"embeddable":true,"href":"https:\/\/www.acfo-acaf.com\/fr\/wp-json\/wp\/v2\/media\/5414"}],"wp:attachment":[{"href":"https:\/\/www.acfo-acaf.com\/fr\/wp-json\/wp\/v2\/media?parent=6114"}],"wp:term":[{"taxonomy":"category","embeddable":true,"href":"https:\/\/www.acfo-acaf.com\/fr\/wp-json\/wp\/v2\/categories?post=6114"},{"taxonomy":"post_tag","embeddable":true,"href":"https:\/\/www.acfo-acaf.com\/fr\/wp-json\/wp\/v2\/tags?post=6114"}],"curies":[{"name":"wp","href":"https:\/\/api.w.org\/{rel}","templated":true}]}}