{"id":6236,"date":"2025-03-05T17:56:20","date_gmt":"2025-03-05T17:56:20","guid":{"rendered":"https:\/\/www.acfo-acaf.com\/?p=6236"},"modified":"2025-03-13T15:53:20","modified_gmt":"2025-03-13T15:53:20","slug":"symposium-des-ct-de-2025-les-prix-preferentiels-disponibles-jusquau-31-mars","status":"publish","type":"post","link":"https:\/\/www.acfo-acaf.com\/fr\/symposium-des-ct-de-2025-les-prix-preferentiels-disponibles-jusquau-31-mars\/","title":{"rendered":"Symposium des CT de 2025\u202f: les prix pr\u00e9f\u00e9rentiels disponibles jusqu&rsquo;au 31 mars!"},"content":{"rendered":"\n<p>Le Symposium annuel des CT de l\u2019ACFO-ACAF sera de retour pour la cinqui\u00e8me fois au Centre Rogers \u00e0 Ottawa les&nbsp;<strong>23 et 24<\/strong><strong>\u202f<\/strong><strong>octobre 2025<\/strong>, et les billets sont maintenant en vente aux meilleurs prix, jusqu\u2019\u00e0 ce que ceux-ci montent le 31\u202fmars. C\u2019est l\u2019occasion d\u2019assister \u00e0 une conf\u00e9rence incontournable, con\u00e7ue sur le mod\u00e8le de notre prestigieuse Mise au point du printemps et d\u2019obtenir 10\u202fheures de FPC \u00e0 un prix tr\u00e8s abordable.&nbsp;<\/p>\n\n\n\n<ul class=\"wp-block-list\">\n<li><strong>Les billets en personne de l\u2019ann\u00e9e derni\u00e8re se sont vendus tr\u00e8s t\u00f4t, alors n\u2019h\u00e9sitez pas \u00e0 <a href=\"https:\/\/acfo-acaf.swoogo.com\/CTS2025?lang=fr\" data-type=\"link\" data-id=\"https:\/\/acfo-acaf.swoogo.com\/CTS2025?lang=fr\">acheter les v\u00f4tres d\u00e8s aujourd\u2019hui<\/a>!<\/strong><\/li>\n<\/ul>\n\n\n\n<p>Parmi les conf\u00e9renciers de cette ann\u00e9e, mentionnons\u202f:&nbsp;<\/p>\n\n\n\n<ul class=\"wp-block-list\">\n<li><strong>Stephen Poloz, <\/strong>ancien gouverneur de la Banque du Canada&nbsp;;<\/li>\n\n\n\n<li><strong>David Usher, <\/strong>musicien et expert en intelligence artificielle, laur\u00e9at d&rsquo;un prix Juno&nbsp;;<\/li>\n\n\n\n<li><strong>Janine Charron, <\/strong>joueuse de hockey de la NWHL et coach en mentalit\u00e9&nbsp;;<\/li>\n\n\n\n<li><strong>Christine Gagnon, <\/strong>experte en gestion d&rsquo;entreprise et analyste&nbsp;;<\/li>\n\n\n\n<li>et bien d&rsquo;autres!\u202f&nbsp;<\/li>\n<\/ul>\n\n\n\n<p>Si vous achetez votre billet avant le 31 mars, vous \u00e9conomiserez sur le prix normal. Le prix des laissez-passer pour la conf\u00e9rence commence \u00e0 seulement\u00a0<strong>840<\/strong><strong>\u202f<\/strong><strong>$ pour les participants qui y assisteront en personne<\/strong> et \u00e0\u00a0<strong>530<\/strong><strong>\u202f<\/strong><strong>$ pour les participants virtuels<\/strong>. Les participants qui seront l\u00e0 en personne pourront non seulement entendre nos incroyables conf\u00e9renciers, mais ils pourront aussi profiter de tout ce qui suit\u202f:\u00a0<\/p>\n\n\n\n<ul class=\"wp-block-list\">\n<li>Un d\u00e9jeuner et un d\u00eener buffet chaud chaque jour ;&nbsp;<\/li>\n\n\n\n<li>Le salon de l\u2019emploi auquel participeront plusieurs minist\u00e8res ;<\/li>\n\n\n\n<li>Une photo-portrait professionnelle gratuite pour leur profil dans les m\u00e9dias sociaux ;<\/li>\n\n\n\n<li>Un sac contenant des articles de grande qualit\u00e9 de l\u2019ACFO-ACAF ; et&nbsp;<\/li>\n\n\n\n<li>La possibilit\u00e9 de r\u00e9seauter avec leurs coll\u00e8gues de la communaut\u00e9 CT.&nbsp;<\/li>\n<\/ul>\n\n\n\n<p>Des prix de groupes pour des \u00e9quipes sont \u00e9galement offerts pour aussi peu que 685\u202f$ pour la participation en personne et 510\u202f$ pour la participation virtuelle, alors ne tardez pas \u00e0 vous inscrire!&nbsp;<\/p>\n\n\n\n<ul class=\"wp-block-list\">\n<li>Pour voir la liste des conf\u00e9renciers et le tableau des prix, et pour vous inscrire,&nbsp;<strong><a href=\"https:\/\/pd.acfo-acaf.com\/fr\/journees-de-perfectionnement\/symposium-des-ct\/\" data-type=\"link\" data-id=\"https:\/\/pd.acfo-acaf.com\/fr\/journees-de-perfectionnement\/symposium-des-ct\/\">cliquez ici<\/a><\/strong>.<\/li>\n<\/ul>\n\n\n\n<p>Nous esp\u00e9rons vous y voir!<\/p>\n","protected":false},"excerpt":{"rendered":"<p>Le Symposium annuel des CT de l\u2019ACFO-ACAF sera de retour pour la cinqui\u00e8me fois au Centre Rogers \u00e0 Ottawa les&nbsp;23 [&hellip;]<\/p>\n","protected":false},"author":7,"featured_media":6234,"comment_status":"closed","ping_status":"closed","sticky":false,"template":"","format":"standard","meta":{"_acf_changed":true,"footnotes":""},"categories":[50],"tags":[],"class_list":["post-6236","post","type-post","status-publish","format-standard","has-post-thumbnail","hentry","category-perfectionnement-professionnel","group-ct-eav-fr","group-ct-fin-fr","group-ct-iau-fr","group-nav-canada-fl-fr"],"acf":{"categories":[50],"groups":[30,32,34,36],"canBeFeatured":false},"_links":{"self":[{"href":"https:\/\/www.acfo-acaf.com\/fr\/wp-json\/wp\/v2\/posts\/6236","targetHints":{"allow":["GET"]}}],"collection":[{"href":"https:\/\/www.acfo-acaf.com\/fr\/wp-json\/wp\/v2\/posts"}],"about":[{"href":"https:\/\/www.acfo-acaf.com\/fr\/wp-json\/wp\/v2\/types\/post"}],"author":[{"embeddable":true,"href":"https:\/\/www.acfo-acaf.com\/fr\/wp-json\/wp\/v2\/users\/7"}],"replies":[{"embeddable":true,"href":"https:\/\/www.acfo-acaf.com\/fr\/wp-json\/wp\/v2\/comments?post=6236"}],"version-history":[{"count":0,"href":"https:\/\/www.acfo-acaf.com\/fr\/wp-json\/wp\/v2\/posts\/6236\/revisions"}],"acf:term":[{"embeddable":true,"taxonomy":"group","href":"https:\/\/www.acfo-acaf.com\/fr\/wp-json\/wp\/v2\/group\/36"},{"embeddable":true,"taxonomy":"group","href":"https:\/\/www.acfo-acaf.com\/fr\/wp-json\/wp\/v2\/group\/34"},{"embeddable":true,"taxonomy":"group","href":"https:\/\/www.acfo-acaf.com\/fr\/wp-json\/wp\/v2\/group\/32"},{"embeddable":true,"taxonomy":"group","href":"https:\/\/www.acfo-acaf.com\/fr\/wp-json\/wp\/v2\/group\/30"},{"embeddable":true,"taxonomy":"category","href":"https:\/\/www.acfo-acaf.com\/fr\/wp-json\/wp\/v2\/categories\/50"}],"wp:featuredmedia":[{"embeddable":true,"href":"https:\/\/www.acfo-acaf.com\/fr\/wp-json\/wp\/v2\/media\/6234"}],"wp:attachment":[{"href":"https:\/\/www.acfo-acaf.com\/fr\/wp-json\/wp\/v2\/media?parent=6236"}],"wp:term":[{"taxonomy":"category","embeddable":true,"href":"https:\/\/www.acfo-acaf.com\/fr\/wp-json\/wp\/v2\/categories?post=6236"},{"taxonomy":"post_tag","embeddable":true,"href":"https:\/\/www.acfo-acaf.com\/fr\/wp-json\/wp\/v2\/tags?post=6236"}],"curies":[{"name":"wp","href":"https:\/\/api.w.org\/{rel}","templated":true}]}}