{"id":6370,"date":"2025-05-21T16:14:11","date_gmt":"2025-05-21T16:14:11","guid":{"rendered":"https:\/\/www.acfo-acaf.com\/?p=6370"},"modified":"2025-06-25T13:47:56","modified_gmt":"2025-06-25T13:47:56","slug":"serie-de-formations-ediar-de-lacfo-acaf-le-pouvoir-dun-etat-desprit-positif","status":"publish","type":"post","link":"https:\/\/www.acfo-acaf.com\/fr\/serie-de-formations-ediar-de-lacfo-acaf-le-pouvoir-dun-etat-desprit-positif\/","title":{"rendered":"S\u00e9rie de formations EDIAR de l\u2019ACFO-ACAF : Le pouvoir d&rsquo;un \u00e9tat d&rsquo;esprit positif\u00a0"},"content":{"rendered":"\n<p>L&rsquo;ACFO-ACAF est heureuse d&rsquo;annoncer la prochaine session de notre s\u00e9rie de formations sur l\u2019EDIAR. Ces webinaires organis\u00e9s \u00e0 l&rsquo;heure du diner donnent aux membres de l&rsquo;ACFO-ACAF l&rsquo;occasion d&rsquo;\u00e9tablir des connexions et d&rsquo;explorer des sujets importants li\u00e9s \u00e0 l\u2019\u00e9quit\u00e9, \u00e0 la diversit\u00e9, \u00e0 l\u2019inclusion et \u00e0 l\u2019antiracisme (EDIAR).&nbsp;&nbsp;<\/p>\n\n\n\n<p>Cette s\u00e9ance comprendra une pr\u00e9sentation d&rsquo;Atif Rashid, un CT-FIN-03 d&rsquo;Environnement et Changement climatique Canada qui excelle en tant que conseiller en r\u00e9silience, conf\u00e9rencier international et humoriste, en plus de son travail dans la fonction publique. Atif est un survivant du cancer qui a subi une amputation au-dessus du genou qui lui a sauv\u00e9 la vie. Il se joindra \u00e0 nous pour expliquer comment un \u00e9tat d&rsquo;esprit positif et le pouvoir de gu\u00e9rison du rire peuvent \u00eatre des outils puissants pour surmonter l&rsquo;adversit\u00e9.&nbsp;<\/p>\n\n\n\n<p>La s\u00e9ance aura lieu&nbsp;<strong>le mercredi 18 juin, de 12 h 00 \u00e0 13 h 00 HE&nbsp;<\/strong>et se d\u00e9roulera uniquement en anglais. Un enregistrement sera disponible dans le portail des membres de l&rsquo;ACFO-ACAF dans les jours qui suivront l&rsquo;\u00e9v\u00e9nement.&nbsp;<\/p>\n\n\n\n<p>Si vous souhaitez y participer, veuillez contacter&nbsp;<a href=\"mailto:communications@acfo-acaf.com\" target=\"_blank\" rel=\"noreferrer noopener\">communications@acfo-acaf.com<\/a>&nbsp;pour obtenir les liens permettant de s\u2019inscrire.<\/p>\n\n\n\n<p>Pour toute question concernant la s\u00e9ance, veuillez contacter&nbsp;<a href=\"mailto:evenements@acfo-acaf.com\" rel=\"noreferrer noopener\" target=\"_blank\">evenements@acfo-acaf.com<\/a>.&nbsp;<\/p>\n\n\n\n<p>Merci et nous esp\u00e9rons vous y voir!&nbsp;&nbsp;<\/p>\n\n\n\n<h2 class=\"wp-block-heading\">Enregistrement d&rsquo;\u00e9v\u00e9nement<\/h2>\n\n\n\n<p>Cette session a \u00e9t\u00e9 la plus suivie jusqu&rsquo;\u00e0 pr\u00e9sent &#8211; les membres de l&rsquo;ACFO qui ont manqu\u00e9 la session en direct sont encourag\u00e9s \u00e0 regarder l&rsquo;enregistrement, disponible sur le portail des membres <a href=\"https:\/\/my.acfo-acaf.com\/content\/36\/ediarlearningseries.aspx\" data-type=\"link\" data-id=\"https:\/\/my.acfo-acaf.com\/content\/36\/ediarlearningseries.aspx\">\u00e0 ce lien<\/a>. <\/p>\n\n\n\n<p><\/p>\n","protected":false},"excerpt":{"rendered":"<p>L&rsquo;ACFO-ACAF est heureuse d&rsquo;annoncer la prochaine session de notre s\u00e9rie de formations sur l\u2019EDIAR. Ces webinaires organis\u00e9s \u00e0 l&rsquo;heure du [&hellip;]<\/p>\n","protected":false},"author":7,"featured_media":6368,"comment_status":"closed","ping_status":"closed","sticky":false,"template":"","format":"standard","meta":{"_acf_changed":false,"footnotes":""},"categories":[74,38],"tags":[],"class_list":["post-6370","post","type-post","status-publish","format-standard","has-post-thumbnail","hentry","category-ediar-fr","category-mise-jour","group-ct-eav-fr","group-ct-fin-fr","group-ct-iau-fr","group-nav-canada-fl-fr"],"acf":{"categories":[74,38],"groups":[30,32,34,36],"canBeFeatured":false},"_links":{"self":[{"href":"https:\/\/www.acfo-acaf.com\/fr\/wp-json\/wp\/v2\/posts\/6370","targetHints":{"allow":["GET"]}}],"collection":[{"href":"https:\/\/www.acfo-acaf.com\/fr\/wp-json\/wp\/v2\/posts"}],"about":[{"href":"https:\/\/www.acfo-acaf.com\/fr\/wp-json\/wp\/v2\/types\/post"}],"author":[{"embeddable":true,"href":"https:\/\/www.acfo-acaf.com\/fr\/wp-json\/wp\/v2\/users\/7"}],"replies":[{"embeddable":true,"href":"https:\/\/www.acfo-acaf.com\/fr\/wp-json\/wp\/v2\/comments?post=6370"}],"version-history":[{"count":0,"href":"https:\/\/www.acfo-acaf.com\/fr\/wp-json\/wp\/v2\/posts\/6370\/revisions"}],"acf:term":[{"embeddable":true,"taxonomy":"group","href":"https:\/\/www.acfo-acaf.com\/fr\/wp-json\/wp\/v2\/group\/36"},{"embeddable":true,"taxonomy":"group","href":"https:\/\/www.acfo-acaf.com\/fr\/wp-json\/wp\/v2\/group\/34"},{"embeddable":true,"taxonomy":"group","href":"https:\/\/www.acfo-acaf.com\/fr\/wp-json\/wp\/v2\/group\/32"},{"embeddable":true,"taxonomy":"group","href":"https:\/\/www.acfo-acaf.com\/fr\/wp-json\/wp\/v2\/group\/30"},{"embeddable":true,"taxonomy":"category","href":"https:\/\/www.acfo-acaf.com\/fr\/wp-json\/wp\/v2\/categories\/38"},{"embeddable":true,"taxonomy":"category","href":"https:\/\/www.acfo-acaf.com\/fr\/wp-json\/wp\/v2\/categories\/74"}],"wp:featuredmedia":[{"embeddable":true,"href":"https:\/\/www.acfo-acaf.com\/fr\/wp-json\/wp\/v2\/media\/6368"}],"wp:attachment":[{"href":"https:\/\/www.acfo-acaf.com\/fr\/wp-json\/wp\/v2\/media?parent=6370"}],"wp:term":[{"taxonomy":"category","embeddable":true,"href":"https:\/\/www.acfo-acaf.com\/fr\/wp-json\/wp\/v2\/categories?post=6370"},{"taxonomy":"post_tag","embeddable":true,"href":"https:\/\/www.acfo-acaf.com\/fr\/wp-json\/wp\/v2\/tags?post=6370"}],"curies":[{"name":"wp","href":"https:\/\/api.w.org\/{rel}","templated":true}]}}