{"id":6528,"date":"2025-09-23T13:28:41","date_gmt":"2025-09-23T13:28:41","guid":{"rendered":"https:\/\/www.acfo-acaf.com\/?p=6528"},"modified":"2025-09-26T11:25:17","modified_gmt":"2025-09-26T11:25:17","slug":"journee-nationale-de-la-verite-et-de-la-reconciliation-2025","status":"publish","type":"post","link":"https:\/\/www.acfo-acaf.com\/fr\/journee-nationale-de-la-verite-et-de-la-reconciliation-2025\/","title":{"rendered":"Journ\u00e9e nationale de la v\u00e9rit\u00e9 et de la r\u00e9conciliation 2025\u00a0"},"content":{"rendered":"\n<p>Le 30 septembre 2025 marquera la cinqui\u00e8me \u00e9dition de la Journ\u00e9e nationale de la v\u00e9rit\u00e9 et de la r\u00e9conciliation. Cette journ\u00e9e nous invite \u00e0 mettre quelque peu notre quotidien entre parenth\u00e8ses afin de rendre hommage aux personnes disparues, aux survivants et survivantes, ainsi qu\u2019aux familles et aux communaut\u00e9s touch\u00e9es par l\u2019h\u00e9ritage tragique du syst\u00e8me des pensionnats.&nbsp;<\/p>\n\n\n\n<p>\u00c0 l\u2019ACFO-ACAF, nous sommes d\u00e9termin\u00e9s \u00e0 b\u00e2tir un avenir meilleur pour tous et toutes. Cette ann\u00e9e, nous avons donc pris les mesures suivantes pour permettre aux membres de notre \u00e9quipe de contribuer \u00e0 un changement porteur au sein de la communaut\u00e9.&nbsp;<\/p>\n\n\n\n<ul class=\"wp-block-list\">\n<li>Le personnel et les membres du conseil d\u2019administration de l\u2019ACFO-ACAF ont eu l\u2019occasion de participer \u00e0 l\u2019Exercice des couvertures de Kairos (KBE). Le KBE est un outil p\u00e9dagogique exp\u00e9rientiel qui explore les relations historiques et contemporaines entre les peuples autochtones et non autochtones sur le territoire que nous connaissons aujourd\u2019hui sous le nom de Canada.&nbsp;<\/li>\n<\/ul>\n\n\n\n<ul class=\"wp-block-list\">\n<li>L\u2019ACFO-ACAF a fait un don \u00e0 l\u2019<a href=\"https:\/\/nwac.ca\/\" target=\"_blank\" rel=\"noreferrer noopener\">Association des femmes autochtones du Canada<\/a>, un organisme qui a \u00e9t\u00e9 fond\u00e9 dans le but collectif d\u2019am\u00e9liorer, de promouvoir et de favoriser le bien-\u00eatre social, \u00e9conomique, culturel et politique des femmes et des filles autochtones au sein de leurs communaut\u00e9s respectives et de la soci\u00e9t\u00e9 canadienne en g\u00e9n\u00e9ral.&nbsp;<\/li>\n<\/ul>\n\n\n\n<p>En 2026, nous poursuivrons nos efforts pour offrir \u00e0 notre personnel ainsi qu\u2019aux membres du conseil d\u2019administration des occasions de formation, afin de les doter des connaissances et des outils n\u00e9cessaires pour \u0153uvrer \u00e0 l\u2019atteinte d\u2019un avenir meilleur.&nbsp;<\/p>\n\n\n\n<h2 class=\"wp-block-heading\"><strong>Centre national pour la v\u00e9rit\u00e9 et la r\u00e9conciliation \u2013 d\u00eeners d\u2019informations\u202f<\/strong>&nbsp;<\/h2>\n\n\n\n<p>Tout au long de la semaine pr\u00e9c\u00e9dant la Journ\u00e9e nationale de la v\u00e9rit\u00e9 et de la r\u00e9conciliation, le <a href=\"https:\/\/nctr.ca\/?lang=fr\" target=\"_blank\" rel=\"noreferrer noopener\">Centre national pour la v\u00e9rit\u00e9 et la r\u00e9conciliation<\/a> organisera une s\u00e9rie de webinaires gratuits d\u00e9crits comme \u00ab\u202fune exp\u00e9rience immersive pour d\u00e9sapprendre les mythes de l\u2019histoire coloniale au Canada\u202f\u00bb.&nbsp;<\/p>\n\n\n\n<p>Pour plus d&rsquo;informations, notamment sur les titres des sessions et les d\u00e9tails d&rsquo;inscription, veuillez consulter les liens ci-dessous :&nbsp;<\/p>\n\n\n\n<ul class=\"wp-block-list\">\n<li>Lundi 22 septembre, de 13 h 00 &nbsp;\u00e0 14 h 00 HE : <a href=\"https:\/\/zoom.us\/webinar\/register\/WN_7g77Lbc-T2KdxBxU5JRkmA#\/registration\" target=\"_blank\" rel=\"noreferrer noopener\">Survivre au syst\u00e8me des pensionnats indiens<\/a>&nbsp;<\/li>\n<\/ul>\n\n\n\n<ul class=\"wp-block-list\">\n<li>Mardi 23 septembre, de 13 h 00 &nbsp;\u00e0 14 h 00 HE : D\u00e9couvrir la v\u00e9rit\u00e9 : recherches sur le terrain\n<ul class=\"wp-block-list\">\n<li><a href=\"https:\/\/www.youtube.com\/watch?v=rJfR-infnOk\" data-type=\"link\" data-id=\"https:\/\/www.youtube.com\/watch?v=rJfR-infnOk\">Enregistrement de l&rsquo;\u00e9v\u00e9nement<\/a>, disponible uniquement en anglais.<\/li>\n<\/ul>\n<\/li>\n<\/ul>\n\n\n\n<ul class=\"wp-block-list\">\n<li>Mercredi 24 septembre, de 13 h 00 &nbsp;\u00e0 14 h 00 HE : <a href=\"https:\/\/zoom.us\/webinar\/register\/WN_d6HCqNIVT1yaZjnUK3ogkg#\/registration\" target=\"_blank\" rel=\"noreferrer noopener\">L\u2019h\u00e9ritage permanent du syst\u00e8me des pensionnats indiens dans les services de protection de l\u2019enfance<\/a>\n<ul class=\"wp-block-list\">\n<li><a href=\"https:\/\/www.youtube.com\/watch?v=N7Fv1sBSTks\" data-type=\"link\" data-id=\"https:\/\/www.youtube.com\/watch?v=N7Fv1sBSTks\">Enregistrement de l&rsquo;\u00e9v\u00e9nement<\/a>, disponible uniquement en anglais.<\/li>\n<\/ul>\n<\/li>\n<\/ul>\n\n\n\n<ul class=\"wp-block-list\">\n<li>Jeudi 25 septembre, de 13 h 00 \u00a0\u00e0 14 h 00 HE : <a href=\"https:\/\/zoom.us\/webinar\/register\/WN_g-5L197-SG2W5SmAOAQitA#\/registration\" target=\"_blank\" rel=\"noreferrer noopener\">R\u00e9flexion sur les appels \u00e0 l\u2019action de la CVR 10 ans plus tard<\/a>\n<ul class=\"wp-block-list\">\n<li><a href=\"https:\/\/www.youtube.com\/watch?v=Y7doJlLQnBo\" data-type=\"link\" data-id=\"https:\/\/www.youtube.com\/watch?v=Y7doJlLQnBo\">Enregistrement de l&rsquo;\u00e9v\u00e9nement<\/a>, disponible uniquement en anglais.<\/li>\n<\/ul>\n<\/li>\n<\/ul>\n\n\n\n<ul class=\"wp-block-list\">\n<li>Jeudi 25 septembre, de 15 h 00 \u00a0\u00e0 16 h 00 HE : <a href=\"https:\/\/zoom.us\/webinar\/register\/WN_cwrZufOXRQ6W0jNYqJXTsg#\/registration\" target=\"_blank\" rel=\"noreferrer noopener\">Conversations d\u2019entreprise sur la r\u00e9conciliation<\/a>\n<ul class=\"wp-block-list\">\n<li><a href=\"https:\/\/www.youtube.com\/watch?v=Vj5QCu60SaU\" data-type=\"link\" data-id=\"https:\/\/www.youtube.com\/watch?v=Vj5QCu60SaU\">Enregistrement de l&rsquo;\u00e9v\u00e9nement<\/a>, disponible uniquement en anglais.<\/li>\n<\/ul>\n<\/li>\n<\/ul>\n\n\n\n<ul class=\"wp-block-list\">\n<li>Vendredi 26 septembre, de 13 h 00 &nbsp;\u00e0 14 h 00 HE : <a href=\"https:\/\/zoom.us\/webinar\/register\/WN_KB8wvCYFT5m_1WpPL2IBWw#\/registration\" target=\"_blank\" rel=\"noreferrer noopener\">Confronter le n\u00e9gationnisme des pensionnats<\/a>&nbsp;<\/li>\n<\/ul>\n\n\n\n<h2 class=\"wp-block-heading\"><strong>Portez de l\u2019orange le 30 septembre<\/strong>&nbsp;<\/h2>\n\n\n\n<p>L\u2019ACFO-ACAF encourage les membres de la communaut\u00e9 CT \u00e0 porter un t-shirt orange le 30 septembre, Journ\u00e9e nationale de la v\u00e9rit\u00e9 et de la r\u00e9conciliation, dans un effort de sensibilisation aux r\u00e9percussions interg\u00e9n\u00e9rationnelles des pensionnats sur les enfants, les familles et les communaut\u00e9s.&nbsp;<\/p>\n\n\n\n<p>En plus du port d\u2019un t-shirt orange, nous vous sugg\u00e9rons d\u2019utiliser des fonds d\u2019\u00e9cran virtuels pour vos r\u00e9unions pendant la Journ\u00e9e. Publi\u00e9s par le gouvernement du Canada, ces fonds d\u2019\u00e9cran peuvent \u00eatre t\u00e9l\u00e9charg\u00e9s en suivant les liens ci-dessous\u202f:&nbsp;<\/p>\n\n\n\n<ul class=\"wp-block-list\">\n<li><a href=\"https:\/\/www.rcaanc-cirnac.gc.ca\/DAM\/DAM-CIRNAC-RCAANC\/DAM-PPLCOM\/STAGING\/images-images\/ndtr2025_bkg_1757604748276_eng.jpg\" data-type=\"link\" data-id=\"https:\/\/www.rcaanc-cirnac.gc.ca\/DAM\/DAM-CIRNAC-RCAANC\/DAM-PPLCOM\/STAGING\/images-images\/ndtr2025_bkg_1757604748276_eng.jpg\">Version anglaise<\/a>&nbsp;<\/li>\n\n\n\n<li><a href=\"https:\/\/www.rcaanc-cirnac.gc.ca\/DAM\/DAM-CIRNAC-RCAANC\/DAM-PPLCOM\/STAGING\/images-images\/ndtr2025_bkg_bil_1757604796651_eng.jpg\" data-type=\"link\" data-id=\"https:\/\/www.rcaanc-cirnac.gc.ca\/DAM\/DAM-CIRNAC-RCAANC\/DAM-PPLCOM\/STAGING\/images-images\/ndtr2025_bkg_bil_1757604796651_eng.jpg\">Version bilingue<\/a><\/li>\n<\/ul>\n\n\n\n<p><\/p>\n","protected":false},"excerpt":{"rendered":"<p>Le 30 septembre 2025 marquera la cinqui\u00e8me \u00e9dition de la Journ\u00e9e nationale de la v\u00e9rit\u00e9 et de la r\u00e9conciliation. Cette [&hellip;]<\/p>\n","protected":false},"author":7,"featured_media":5843,"comment_status":"closed","ping_status":"closed","sticky":false,"template":"","format":"standard","meta":{"_acf_changed":false,"footnotes":""},"categories":[38],"tags":[],"class_list":["post-6528","post","type-post","status-publish","format-standard","has-post-thumbnail","hentry","category-mise-jour","group-ct-eav-fr","group-ct-fin-fr","group-ct-iau-fr","group-nav-canada-fl-fr"],"acf":{"categories":[38],"groups":[30,32,34,36],"canBeFeatured":false},"_links":{"self":[{"href":"https:\/\/www.acfo-acaf.com\/fr\/wp-json\/wp\/v2\/posts\/6528","targetHints":{"allow":["GET"]}}],"collection":[{"href":"https:\/\/www.acfo-acaf.com\/fr\/wp-json\/wp\/v2\/posts"}],"about":[{"href":"https:\/\/www.acfo-acaf.com\/fr\/wp-json\/wp\/v2\/types\/post"}],"author":[{"embeddable":true,"href":"https:\/\/www.acfo-acaf.com\/fr\/wp-json\/wp\/v2\/users\/7"}],"replies":[{"embeddable":true,"href":"https:\/\/www.acfo-acaf.com\/fr\/wp-json\/wp\/v2\/comments?post=6528"}],"version-history":[{"count":0,"href":"https:\/\/www.acfo-acaf.com\/fr\/wp-json\/wp\/v2\/posts\/6528\/revisions"}],"acf:term":[{"embeddable":true,"taxonomy":"group","href":"https:\/\/www.acfo-acaf.com\/fr\/wp-json\/wp\/v2\/group\/36"},{"embeddable":true,"taxonomy":"group","href":"https:\/\/www.acfo-acaf.com\/fr\/wp-json\/wp\/v2\/group\/34"},{"embeddable":true,"taxonomy":"group","href":"https:\/\/www.acfo-acaf.com\/fr\/wp-json\/wp\/v2\/group\/32"},{"embeddable":true,"taxonomy":"group","href":"https:\/\/www.acfo-acaf.com\/fr\/wp-json\/wp\/v2\/group\/30"},{"embeddable":true,"taxonomy":"category","href":"https:\/\/www.acfo-acaf.com\/fr\/wp-json\/wp\/v2\/categories\/38"}],"wp:featuredmedia":[{"embeddable":true,"href":"https:\/\/www.acfo-acaf.com\/fr\/wp-json\/wp\/v2\/media\/5843"}],"wp:attachment":[{"href":"https:\/\/www.acfo-acaf.com\/fr\/wp-json\/wp\/v2\/media?parent=6528"}],"wp:term":[{"taxonomy":"category","embeddable":true,"href":"https:\/\/www.acfo-acaf.com\/fr\/wp-json\/wp\/v2\/categories?post=6528"},{"taxonomy":"post_tag","embeddable":true,"href":"https:\/\/www.acfo-acaf.com\/fr\/wp-json\/wp\/v2\/tags?post=6528"}],"curies":[{"name":"wp","href":"https:\/\/api.w.org\/{rel}","templated":true}]}}