{"id":6595,"date":"2025-11-03T15:09:05","date_gmt":"2025-11-03T15:09:05","guid":{"rendered":"https:\/\/www.acfo-acaf.com\/?p=6595"},"modified":"2025-11-03T18:47:26","modified_gmt":"2025-11-03T18:47:26","slug":"recapitulation-de-lassemblee-generale-annuelle-2025-de-lacfo-acaf","status":"publish","type":"post","link":"https:\/\/www.acfo-acaf.com\/fr\/recapitulation-de-lassemblee-generale-annuelle-2025-de-lacfo-acaf\/","title":{"rendered":"R\u00e9capitulation de l\u2019assembl\u00e9e g\u00e9n\u00e9rale annuelle 2025 de l\u2019ACFO-ACAF\u00a0"},"content":{"rendered":"\n<p>Le 23 octobre 2025, l\u2019ACFO-ACAF a tenu sa 36<sup>e<\/sup> assembl\u00e9e g\u00e9n\u00e9rale annuelle au Centre Rogers, \u00e0 Ottawa. Plus de 100 membres ont particip\u00e9 en personne, et beaucoup d&rsquo;autres se sont joints en ligne, de partout au Canada.&nbsp;<\/p>\n\n\n\n<p>Au cours de l\u2019assembl\u00e9e, le pr\u00e9sident de l\u2019ACFO-ACAF, Rob Hawkins, a fait le point sur des sujets importants et a r\u00e9pondu aux questions des membres, notamment en ce qui concerne\u202f:&nbsp;<\/p>\n\n\n\n<ul class=\"wp-block-list\">\n<li>l\u2019examen exhaustif des d\u00e9penses;&nbsp;<\/li>\n\n\n\n<li>le r\u00e9am\u00e9nagement des effectifs;&nbsp;<\/li>\n\n\n\n<li>la transition de P\u00eaches et Oc\u00e9ans Canada\/Garde c\u00f4ti\u00e8re canadienne \u00e0 la D\u00e9fense nationale;&nbsp;<\/li>\n\n\n\n<li>la n\u00e9gociation collective;\u00a0et<\/li>\n\n\n\n<li>le retour au bureau.&nbsp;<\/li>\n<\/ul>\n\n\n\n<p>Au cours des prochaines semaines, les personnes qui n\u2019ont pu assister \u00e0 l\u2019AGA trouveront un enregistrement audio sur <a href=\"https:\/\/my.acfo-acaf.com\/login.aspx?ReturnUrl=%2fcontent%2f25%2fvideoarchives.aspx\" target=\"_blank\" rel=\"noreferrer noopener\">le portail des membres de l\u2019ACFO-ACAF<\/a>.&nbsp;<\/p>\n\n\n\n<h2 class=\"wp-block-heading\"><strong>Merci, Sylvain!<\/strong>&nbsp;<\/h2>\n\n\n\n<p>Cette ann\u00e9e, Sylvain Lapierre a termin\u00e9 son temps au conseil d\u2019administration de l\u2019ACFO-ACAF.&nbsp;<\/p>\n\n\n\n<p>Depuis son \u00e9lection en 2021, Sylvain Lapierre a accompli un travail formidable au nom de la communaut\u00e9 CT par son r\u00f4le au comit\u00e9 de n\u00e9gociation collective, son leadership \u00e0 titre de pr\u00e9sident du comit\u00e9 des finances et sa contribution dans de nombreux autres domaines.&nbsp;<\/p>\n\n\n\n<p>Le conseil d\u2019administration de l\u2019ACFO-ACAF, la communaut\u00e9 CT et tout le personnel lui souhaitent beaucoup de succ\u00e8s dans ses futurs projets.&nbsp;&nbsp;&nbsp;<\/p>\n\n\n\n<figure class=\"wp-block-gallery has-nested-images columns-default is-cropped wp-block-gallery-1 is-layout-flex wp-block-gallery-is-layout-flex\">\n<figure class=\"wp-block-image size-large\"><img loading=\"lazy\" decoding=\"async\" width=\"2048\" height=\"1366\" data-id=\"6594\" src=\"https:\/\/www.acfo-acaf.com\/wp-content\/uploads\/2025\/11\/ACFO-ACAF-AGM2024-96-WEB.jpg\" alt=\"\" class=\"wp-image-6594\" srcset=\"https:\/\/www.acfo-acaf.com\/wp-content\/uploads\/2025\/11\/ACFO-ACAF-AGM2024-96-WEB.jpg 2048w, https:\/\/www.acfo-acaf.com\/wp-content\/uploads\/2025\/11\/ACFO-ACAF-AGM2024-96-WEB-768x512.jpg 768w, https:\/\/www.acfo-acaf.com\/wp-content\/uploads\/2025\/11\/ACFO-ACAF-AGM2024-96-WEB-1536x1025.jpg 1536w\" sizes=\"auto, (max-width: 2048px) 100vw, 2048px\" \/><\/figure>\n\n\n\n<figure class=\"wp-block-image size-large\"><img loading=\"lazy\" decoding=\"async\" width=\"2048\" height=\"1366\" data-id=\"6593\" src=\"https:\/\/www.acfo-acaf.com\/wp-content\/uploads\/2025\/11\/CTSymposium2024-Day1-27-WEB-4.jpg\" alt=\"\" class=\"wp-image-6593\" srcset=\"https:\/\/www.acfo-acaf.com\/wp-content\/uploads\/2025\/11\/CTSymposium2024-Day1-27-WEB-4.jpg 2048w, https:\/\/www.acfo-acaf.com\/wp-content\/uploads\/2025\/11\/CTSymposium2024-Day1-27-WEB-4-768x512.jpg 768w, https:\/\/www.acfo-acaf.com\/wp-content\/uploads\/2025\/11\/CTSymposium2024-Day1-27-WEB-4-1536x1025.jpg 1536w\" sizes=\"auto, (max-width: 2048px) 100vw, 2048px\" \/><\/figure>\n<\/figure>\n\n\n\n<h2 class=\"wp-block-heading\"><strong>R\u00e9sultats officiels des votes<\/strong>&nbsp;<\/h2>\n\n\n\n<p>Voici les r\u00e9sultats officiels des votes effectu\u00e9s lors de la 36<sup>e<\/sup> AGA, pour les \u00e9lections aux postes du conseil d\u2019administration et pour l\u2019adoption des r\u00e9solutions. Nous remercions les plus de 1 100 membres qui ont particip\u00e9 au processus de vote cette ann\u00e9e.&nbsp;<\/p>\n\n\n\n<h3 class=\"wp-block-heading\"><strong>R\u00e9solutions<\/strong>&nbsp;<\/h3>\n\n\n\n<p><strong>R\u00e9solution\u202f1 : Adoption du proc\u00e8s-verbal de la 35<\/strong><strong><sup>e<\/sup><\/strong><strong> assembl\u00e9e g\u00e9n\u00e9rale annuelle<\/strong>&nbsp;<\/p>\n\n\n\n<p>Oui\u202f: 1 043<\/p>\n\n\n\n<p>Abstentions\u202f: 45&nbsp;<\/p>\n\n\n\n<p>Non\u202f: 13<\/p>\n\n\n\n<p><strong>R\u00e9solution 2\u202f: Adoption des \u00e9tats financiers audit\u00e9s de 2024<\/strong>&nbsp;<\/p>\n\n\n\n<p>Oui\u202f: 1 032<\/p>\n\n\n\n<p>Abstentions\u202f: 48&nbsp;<\/p>\n\n\n\n<p>Non\u202f: 21<\/p>\n\n\n\n<p><strong>R\u00e9solution 3\u202f: Adoption du budget de 2026<\/strong>&nbsp;<\/p>\n\n\n\n<p>Oui\u202f: 1 020<\/p>\n\n\n\n<p>Abstentions\u202f: 49<\/p>\n\n\n\n<p>Non\u202f: 32<\/p>\n\n\n\n<p><strong>R\u00e9solution 4\u202f: Adoption de la nomination des auditeurs<\/strong>&nbsp;<\/p>\n\n\n\n<p>Oui\u202f: 1 018<\/p>\n\n\n\n<p>Abstentions\u202f: 48<\/p>\n\n\n\n<p>Non\u202f: 35&nbsp;<\/p>\n\n\n\n<h3 class=\"wp-block-heading\"><strong>Conseil d\u2019administration<\/strong>&nbsp;<\/h3>\n\n\n\n<p>F\u00e9licitations \u00e0 Catharine Lynch et \u00e0 Daniel Lachance, qui ont \u00e9t\u00e9 \u00e9lus \u00e0 des postes d\u2019administrateur.&nbsp;<\/p>\n\n\n\n<p>Les r\u00e9sultats du vote se sont pr\u00e9sent\u00e9s comme suit\u202f:&nbsp;<\/p>\n\n\n\n<p>Catharine Lynch : 650<\/p>\n\n\n\n<p>Daniel Lachance\u202f: 526\u00a0<\/p>\n\n\n\n<p>Sylvain Lapierre\u202f: 483<\/p>\n\n\n\n<p>Kesavan Muthurajah : 261<\/p>\n\n\n\n<figure class=\"wp-block-gallery has-nested-images columns-default is-cropped wp-block-gallery-2 is-layout-flex wp-block-gallery-is-layout-flex\">\n<figure class=\"wp-block-image size-large\"><img loading=\"lazy\" decoding=\"async\" width=\"2048\" height=\"1365\" data-id=\"6596\" src=\"https:\/\/www.acfo-acaf.com\/wp-content\/uploads\/2025\/11\/CTSymposium2025-Day2-32-WEB.jpg\" alt=\"\" class=\"wp-image-6596\" srcset=\"https:\/\/www.acfo-acaf.com\/wp-content\/uploads\/2025\/11\/CTSymposium2025-Day2-32-WEB.jpg 2048w, https:\/\/www.acfo-acaf.com\/wp-content\/uploads\/2025\/11\/CTSymposium2025-Day2-32-WEB-768x512.jpg 768w, https:\/\/www.acfo-acaf.com\/wp-content\/uploads\/2025\/11\/CTSymposium2025-Day2-32-WEB-1536x1024.jpg 1536w\" sizes=\"auto, (max-width: 2048px) 100vw, 2048px\" \/><\/figure>\n\n\n\n<figure class=\"wp-block-image size-full\"><img loading=\"lazy\" decoding=\"async\" width=\"2048\" height=\"1365\" data-id=\"6597\" src=\"https:\/\/www.acfo-acaf.com\/wp-content\/uploads\/2025\/11\/CTSymposium2025-Day2-27-WEB.jpg\" alt=\"\" class=\"wp-image-6597\" srcset=\"https:\/\/www.acfo-acaf.com\/wp-content\/uploads\/2025\/11\/CTSymposium2025-Day2-27-WEB.jpg 2048w, https:\/\/www.acfo-acaf.com\/wp-content\/uploads\/2025\/11\/CTSymposium2025-Day2-27-WEB-768x512.jpg 768w, https:\/\/www.acfo-acaf.com\/wp-content\/uploads\/2025\/11\/CTSymposium2025-Day2-27-WEB-1536x1024.jpg 1536w\" sizes=\"auto, (max-width: 2048px) 100vw, 2048px\" \/><\/figure>\n<\/figure>\n\n\n\n<h2 class=\"wp-block-heading\"><strong>B\u00e9n\u00e9ficiaires de la bourse d&rsquo;\u00e9tudes<\/strong><\/h2>\n\n\n\n<p>Cette ann\u00e9e, l\u2019ACFO-ACAF a remis la bourse d\u2019\u00e9tudes Merdon Hosking \u00e0 Jasmine Fang et Xavier Hill.<\/p>\n","protected":false},"excerpt":{"rendered":"<p>Le 23 octobre 2025, l\u2019ACFO-ACAF a tenu sa 36e assembl\u00e9e g\u00e9n\u00e9rale annuelle au Centre Rogers, \u00e0 Ottawa. Plus de 100 [&hellip;]<\/p>\n","protected":false},"author":7,"featured_media":6598,"comment_status":"closed","ping_status":"closed","sticky":false,"template":"","format":"standard","meta":{"_acf_changed":false,"footnotes":""},"categories":[38],"tags":[],"class_list":["post-6595","post","type-post","status-publish","format-standard","has-post-thumbnail","hentry","category-mise-jour","group-ct-eav-fr","group-ct-fin-fr","group-ct-iau-fr","group-nav-canada-fl-fr"],"acf":{"categories":[38],"groups":[30,32,34,36],"canBeFeatured":false},"_links":{"self":[{"href":"https:\/\/www.acfo-acaf.com\/fr\/wp-json\/wp\/v2\/posts\/6595","targetHints":{"allow":["GET"]}}],"collection":[{"href":"https:\/\/www.acfo-acaf.com\/fr\/wp-json\/wp\/v2\/posts"}],"about":[{"href":"https:\/\/www.acfo-acaf.com\/fr\/wp-json\/wp\/v2\/types\/post"}],"author":[{"embeddable":true,"href":"https:\/\/www.acfo-acaf.com\/fr\/wp-json\/wp\/v2\/users\/7"}],"replies":[{"embeddable":true,"href":"https:\/\/www.acfo-acaf.com\/fr\/wp-json\/wp\/v2\/comments?post=6595"}],"version-history":[{"count":0,"href":"https:\/\/www.acfo-acaf.com\/fr\/wp-json\/wp\/v2\/posts\/6595\/revisions"}],"acf:term":[{"embeddable":true,"taxonomy":"group","href":"https:\/\/www.acfo-acaf.com\/fr\/wp-json\/wp\/v2\/group\/36"},{"embeddable":true,"taxonomy":"group","href":"https:\/\/www.acfo-acaf.com\/fr\/wp-json\/wp\/v2\/group\/34"},{"embeddable":true,"taxonomy":"group","href":"https:\/\/www.acfo-acaf.com\/fr\/wp-json\/wp\/v2\/group\/32"},{"embeddable":true,"taxonomy":"group","href":"https:\/\/www.acfo-acaf.com\/fr\/wp-json\/wp\/v2\/group\/30"},{"embeddable":true,"taxonomy":"category","href":"https:\/\/www.acfo-acaf.com\/fr\/wp-json\/wp\/v2\/categories\/38"}],"wp:featuredmedia":[{"embeddable":true,"href":"https:\/\/www.acfo-acaf.com\/fr\/wp-json\/wp\/v2\/media\/6598"}],"wp:attachment":[{"href":"https:\/\/www.acfo-acaf.com\/fr\/wp-json\/wp\/v2\/media?parent=6595"}],"wp:term":[{"taxonomy":"category","embeddable":true,"href":"https:\/\/www.acfo-acaf.com\/fr\/wp-json\/wp\/v2\/categories?post=6595"},{"taxonomy":"post_tag","embeddable":true,"href":"https:\/\/www.acfo-acaf.com\/fr\/wp-json\/wp\/v2\/tags?post=6595"}],"curies":[{"name":"wp","href":"https:\/\/api.w.org\/{rel}","templated":true}]}}