{"id":6633,"date":"2025-12-03T16:00:00","date_gmt":"2025-12-03T16:00:00","guid":{"rendered":"https:\/\/www.acfo-acaf.com\/?p=6633"},"modified":"2026-03-04T18:46:34","modified_gmt":"2026-03-04T18:46:34","slug":"le-point-sur-lincitation-a-la-retraite-anticipee","status":"publish","type":"post","link":"https:\/\/www.acfo-acaf.com\/fr\/le-point-sur-lincitation-a-la-retraite-anticipee\/","title":{"rendered":"Le point sur l\u2019incitation \u00e0 la retraite anticip\u00e9e\u00a0"},"content":{"rendered":"\n<p>Bien que&nbsp;<a href=\"https:\/\/www.parl.ca\/legisinfo\/fr\/projet-de-loi\/45-1\/c-15\" target=\"_blank\" rel=\"noreferrer noopener\">la l\u00e9gislation visant \u00e0 mettre en place le programme d\u2019incitation \u00e0 la retraite anticip\u00e9e<\/a>&nbsp;soit encore \u00e0 l\u2019\u00e9tude au Parlement, le Centre des pensions a d\u00e9j\u00e0 commenc\u00e9 \u00e0 envoyer des lettres par courriel ou par la poste aux membres qui pourraient \u00eatre admissibles \u00e0 ce programme afin qu\u2019ils&nbsp;s\u2019y pr\u00e9parent.&nbsp;<\/p>\n\n\n\n<p>Le programme d\u2019incitation \u00e0 la retraite anticip\u00e9e consiste en une exon\u00e9ration&nbsp;relative \u00e0 la pension. Il supprime la p\u00e9nalit\u00e9 de 5\u202f% par an pour retraite anticip\u00e9e; il n\u2019y a donc pas de&nbsp;contrepartie&nbsp;financi\u00e8re&nbsp;li\u00e9e&nbsp;\u00e0 ce programme.&nbsp;<\/p>\n\n\n\n<p>M\u00eame si nous attendons encore que les d\u00e9tails du processus soient confirm\u00e9s et communiqu\u00e9s, nous tenons \u00e0 informer nos membres de deux \u00e9l\u00e9ments importants\u202f:&nbsp;<\/p>\n\n\n\n<ul class=\"wp-block-list\">\n<li><strong>La r\u00e9ception d&rsquo;une lettre relative \u00e0&nbsp;le programme d\u2019incitation \u00e0 la retraite anticip\u00e9e ne signifie pas n\u00e9cessairement que vous y serez admissible<\/strong>. Les crit\u00e8res d\u2019admissibilit\u00e9 de base ont \u00e9t\u00e9 \u00e9tablis, mais l\u2019employeur est encore en train d\u2019\u00e9laborer d\u2019autres crit\u00e8res qui viendront s\u2019y ajouter.&nbsp;&nbsp;<\/li>\n\n\n\n<li><strong>Le processus d\u2019incitation \u00e0 la retraite anticip\u00e9e&nbsp;est&nbsp;distinct&nbsp;de celui du r\u00e9am\u00e9nagement des effectifs<\/strong>.&nbsp;Nous attendons encore que l\u2019employeur confirme les d\u00e9tails des interactions possibles entre les deux processus.&nbsp;&nbsp;<\/li>\n<\/ul>\n\n\n\n<p>L\u2019ACFO-ACAF&nbsp;ne dispose pas d\u2019autres renseignements sur le programme d\u2019incitation \u00e0 la retraite anticip\u00e9e que ceux qui sont fournis dans les liens ci-dessous, mais&nbsp;nous suivons l&rsquo;\u00e9volution de la situation et communiquerons toute information utile d\u00e8s qu&rsquo;elle sera disponible.&nbsp;<\/p>\n\n\n\n<p>Pour obtenir les d\u00e9tails les plus r\u00e9cents sur&nbsp;le <strong>programme d\u2019incitation \u00e0 la retraite et le r\u00e9gime de pension<\/strong>, veuillez consulter les sites suivants\u202f:&nbsp;<\/p>\n\n\n\n<ul class=\"wp-block-list\">\n<li><a href=\"https:\/\/www.canada.ca\/fr\/secretariat-conseil-tresor\/services\/regime-retraite\/nouvelles-annonces-pensions-avantages-sociaux\/programme-propose-incitation-retraite-anticipee.html\" target=\"_blank\" rel=\"noreferrer noopener\">Programme propos\u00e9 d\u2019incitation \u00e0 la retraite anticip\u00e9e<\/a>&nbsp;<\/li>\n\n\n\n<li><a href=\"https:\/\/www.canada.ca\/fr\/services-publics-approvisionnement\/services\/paye-pension\/regime-retraite-fonction-publique\/contactez\/acceder-portail-pension.html\" target=\"_blank\" rel=\"noreferrer noopener\">Portail de pension : R\u00e9gime de retraite de la fonction publique<\/a>&nbsp;<\/li>\n\n\n\n<li><a href=\"https:\/\/www.canada.ca\/fr\/services-publics-approvisionnement\/services\/paye-pension\/regime-retraite-fonction-publique\/contactez.html\" target=\"_blank\" rel=\"noreferrer noopener\">Contactez le Centre des pensions du gouvernement du Canada pour les employ\u00e9s f\u00e9d\u00e9raux<\/a>&nbsp;<\/li>\n<\/ul>\n\n\n\n<p>Pour obtenir de plus amples renseignements sur le <strong>processus de r\u00e9am\u00e9nagement des effectifs<\/strong>, veuillez visiter <a href=\"https:\/\/www.acfo-acaf.com\/fr\/reamenagement-des-effectifs\/\" data-type=\"link\" data-id=\"https:\/\/www.acfo-acaf.com\/fr\/reamenagement-des-effectifs\/\">cette page sur notre site web<\/a>.&nbsp;<\/p>\n\n\n\n<h2 class=\"wp-block-heading\"><strong>Mise \u00e0 jour au 2 mars 2026<\/strong>&nbsp;<\/h2>\n\n\n\n<p>La&nbsp;l\u00e9gislation&nbsp;visant&nbsp;\u00e0&nbsp;mettre&nbsp;en&nbsp;place le programme de&nbsp;retraite&nbsp;anticip\u00e9e&nbsp;est encore&nbsp;en&nbsp;cours&nbsp;d&rsquo;examen&nbsp;au Parlement,&nbsp;mais&nbsp;quelques&nbsp;changements&nbsp;notables&nbsp;ont&nbsp;\u00e9t\u00e9&nbsp;apport\u00e9s&nbsp;\u00e0 la page \u00ab&nbsp;<a href=\"https:\/\/www.canada.ca\/fr\/secretariat-conseil-tresor\/services\/regime-retraite\/nouvelles-annonces-pensions-avantages-sociaux\/programme-propose-incitation-retraite-anticipee.html\" target=\"_blank\" rel=\"noreferrer noopener\">Incitation \u00e0 la retraite anticip\u00e9e propos\u00e9e<\/a>&nbsp;\u00bb du site Web du Conseil du Tr\u00e9sor,&nbsp;dont&nbsp;l&rsquo;ACFO-ACAF&nbsp;souhaite&nbsp;informer&nbsp;ses&nbsp;membres.&nbsp;&nbsp;&nbsp;<\/p>\n\n\n\n<h3 class=\"wp-block-heading\"><strong>Crit\u00e8res<\/strong>&nbsp;<\/h3>\n\n\n\n<p>Une section&nbsp;intitul\u00e9e&nbsp;\u00ab Crit\u00e8res \u00bb a&nbsp;\u00e9t\u00e9&nbsp;ajout\u00e9e,&nbsp;soulignant&nbsp;que&nbsp;si&nbsp;la&nbsp;l\u00e9gislation&nbsp;sur le programme de&nbsp;retraite&nbsp;anticip\u00e9e&nbsp;entre&nbsp;en&nbsp;vigueur, les&nbsp;administrateurs&nbsp;g\u00e9n\u00e9raux&nbsp;seraient&nbsp;charg\u00e9s de&nbsp;v\u00e9rifier&nbsp;que&nbsp;les&nbsp;crit\u00e8res&nbsp;sp\u00e9cifiques&nbsp;sont&nbsp;remplis&nbsp;pour&nbsp;que&nbsp;la&nbsp;demande&nbsp;d&rsquo;un&nbsp;employ\u00e9&nbsp;admissible au programme de&nbsp;retraite&nbsp;anticip\u00e9e&nbsp;soit&nbsp;accept\u00e9e.&nbsp;<\/p>\n\n\n\n<p>Les&nbsp;crit\u00e8res&nbsp;approuv\u00e9s&nbsp;par le Conseil du Tr\u00e9sor&nbsp;sont&nbsp;les&nbsp;suivants&nbsp;:&nbsp;&nbsp;&nbsp;<\/p>\n\n\n\n<ul class=\"wp-block-list\">\n<li>L\u2019organisation doit\u00a0r\u00e9duire son effectif;\u00a0<\/li>\n\n\n\n<li>Les services\u00a0aux\u00a0Canadiens\u00a0seront\u00a0maintenus;\u00a0<\/li>\n\n\n\n<li>Les\u00a0besoins\u00a0op\u00e9rationnels\u00a0et\u00a0organisationnels\u00a0actuels\u00a0et\u00a0futurs\u00a0continueront\u00a0d\u2019\u00eatre\u00a0satisfaits.\u00a0<\/li>\n<\/ul>\n\n\n\n<h3 class=\"wp-block-heading\"><strong>P\u00e9riode&nbsp;de candidature<\/strong>&nbsp;<\/h3>\n\n\n\n<p>Lorsque&nbsp;les&nbsp;d\u00e9tails&nbsp;concernant&nbsp;le programme de&nbsp;retraite&nbsp;anticip\u00e9e&nbsp;ont&nbsp;\u00e9t\u00e9&nbsp;initialement&nbsp;publi\u00e9s,&nbsp;certaines&nbsp;informations&nbsp;relatives \u00e0 la&nbsp;p\u00e9riode&nbsp;de candidature&nbsp;ont&nbsp;\u00e9t\u00e9&nbsp;supprim\u00e9es&nbsp;du site web.&nbsp;<\/p>\n\n\n\n<p>Le&nbsp;texte&nbsp;original&nbsp;\u00e9tait&nbsp;le&nbsp;suivant&nbsp;:&nbsp;<em>La&nbsp;p\u00e9riode&nbsp;de candidature&nbsp;serait&nbsp;de 120&nbsp;jours&nbsp;(environ 4&nbsp;mois) \u00e0&nbsp;compter&nbsp;de&nbsp;l&rsquo;entr\u00e9e&nbsp;en&nbsp;vigueur&nbsp;de la nouvelle&nbsp;l\u00e9gislation. Les&nbsp;employ\u00e9s&nbsp;approuv\u00e9s&nbsp;devraient&nbsp;prendre&nbsp;leur&nbsp;retraite&nbsp;dans les 300&nbsp;jours&nbsp;(environ 10&nbsp;mois)&nbsp;suivant&nbsp;l&rsquo;entr\u00e9e&nbsp;en&nbsp;vigueur&nbsp;de la nouvelle&nbsp;l\u00e9gislation.<\/em>&nbsp;<\/p>\n\n\n\n<p>\u00c0&nbsp;pr\u00e9sent, nous ne&nbsp;savons&nbsp;pas&nbsp;si&nbsp;la suppression de&nbsp;ce&nbsp;passage&nbsp;signifie&nbsp;que&nbsp;de&nbsp;nouvelles&nbsp;dates&nbsp;ou&nbsp;p\u00e9riodes&nbsp;de candidature&nbsp;seront&nbsp;introduites,&nbsp;ou&nbsp;si&nbsp;les&nbsp;d\u00e9lais&nbsp;initiaux&nbsp;resteront&nbsp;en&nbsp;vigueur.&nbsp;<\/p>\n\n\n\n<p>L&rsquo;ACFO-ACAF a&nbsp;demand\u00e9&nbsp;\u00e0&nbsp;plusieurs&nbsp;reprises des&nbsp;informations&nbsp;suppl\u00e9mentaires&nbsp;sur&nbsp;le programme de&nbsp;retraite&nbsp;anticip\u00e9e,&nbsp;mais&nbsp;l&#8217;employeur&nbsp;n&rsquo;a&nbsp;pas&nbsp;r\u00e9pondu&nbsp;\u00e0&nbsp;ces&nbsp;demandes. Nous&nbsp;continuerons&nbsp;\u00e0 faire pression pour&nbsp;obtenir&nbsp;ces&nbsp;informations&nbsp;et \u00e0&nbsp;plaider&nbsp;en&nbsp;faveur&nbsp;de la&nbsp;transparence&nbsp;sur&nbsp;le programme de&nbsp;retraite&nbsp;anticip\u00e9e. Nous&nbsp;fournirons&nbsp;aux&nbsp;membres&nbsp;de la&nbsp;communaut\u00e9&nbsp;CT&nbsp;une&nbsp;nouvelle mise \u00e0 jour&nbsp;une&nbsp;fois&nbsp;que&nbsp;la&nbsp;l\u00e9gislation&nbsp;sur&nbsp;le programme de&nbsp;retraite&nbsp;anticip\u00e9e&nbsp;aura&nbsp;\u00e9t\u00e9&nbsp;adopt\u00e9e&nbsp;par le Parlement.&nbsp;<\/p>\n","protected":false},"excerpt":{"rendered":"<p>Bien que&nbsp;la l\u00e9gislation visant \u00e0 mettre en place le programme d\u2019incitation \u00e0 la retraite anticip\u00e9e&nbsp;soit encore \u00e0 l\u2019\u00e9tude au Parlement, [&hellip;]<\/p>\n","protected":false},"author":7,"featured_media":6632,"comment_status":"closed","ping_status":"closed","sticky":false,"template":"","format":"standard","meta":{"_acf_changed":false,"footnotes":""},"categories":[38,56],"tags":[],"class_list":["post-6633","post","type-post","status-publish","format-standard","has-post-thumbnail","hentry","category-mise-jour","category-reamenagement-des-effectifs","group-ct-eav-fr","group-ct-fin-fr","group-ct-iau-fr"],"acf":{"categories":[38,56],"groups":[30,32,34],"canBeFeatured":false},"_links":{"self":[{"href":"https:\/\/www.acfo-acaf.com\/fr\/wp-json\/wp\/v2\/posts\/6633","targetHints":{"allow":["GET"]}}],"collection":[{"href":"https:\/\/www.acfo-acaf.com\/fr\/wp-json\/wp\/v2\/posts"}],"about":[{"href":"https:\/\/www.acfo-acaf.com\/fr\/wp-json\/wp\/v2\/types\/post"}],"author":[{"embeddable":true,"href":"https:\/\/www.acfo-acaf.com\/fr\/wp-json\/wp\/v2\/users\/7"}],"replies":[{"embeddable":true,"href":"https:\/\/www.acfo-acaf.com\/fr\/wp-json\/wp\/v2\/comments?post=6633"}],"version-history":[{"count":0,"href":"https:\/\/www.acfo-acaf.com\/fr\/wp-json\/wp\/v2\/posts\/6633\/revisions"}],"acf:term":[{"embeddable":true,"taxonomy":"group","href":"https:\/\/www.acfo-acaf.com\/fr\/wp-json\/wp\/v2\/group\/34"},{"embeddable":true,"taxonomy":"group","href":"https:\/\/www.acfo-acaf.com\/fr\/wp-json\/wp\/v2\/group\/32"},{"embeddable":true,"taxonomy":"group","href":"https:\/\/www.acfo-acaf.com\/fr\/wp-json\/wp\/v2\/group\/30"},{"embeddable":true,"taxonomy":"category","href":"https:\/\/www.acfo-acaf.com\/fr\/wp-json\/wp\/v2\/categories\/56"},{"embeddable":true,"taxonomy":"category","href":"https:\/\/www.acfo-acaf.com\/fr\/wp-json\/wp\/v2\/categories\/38"}],"wp:featuredmedia":[{"embeddable":true,"href":"https:\/\/www.acfo-acaf.com\/fr\/wp-json\/wp\/v2\/media\/6632"}],"wp:attachment":[{"href":"https:\/\/www.acfo-acaf.com\/fr\/wp-json\/wp\/v2\/media?parent=6633"}],"wp:term":[{"taxonomy":"category","embeddable":true,"href":"https:\/\/www.acfo-acaf.com\/fr\/wp-json\/wp\/v2\/categories?post=6633"},{"taxonomy":"post_tag","embeddable":true,"href":"https:\/\/www.acfo-acaf.com\/fr\/wp-json\/wp\/v2\/tags?post=6633"}],"curies":[{"name":"wp","href":"https:\/\/api.w.org\/{rel}","templated":true}]}}