{"id":6731,"date":"2026-01-28T18:35:49","date_gmt":"2026-01-28T18:35:49","guid":{"rendered":"https:\/\/www.acfo-acaf.com\/?p=6731"},"modified":"2026-02-11T18:38:31","modified_gmt":"2026-02-11T18:38:31","slug":"serie-de-formations-sur-lediar-de-lacfo-acaf-la-fondation-canadienne-de-la-menopause","status":"publish","type":"post","link":"https:\/\/www.acfo-acaf.com\/fr\/serie-de-formations-sur-lediar-de-lacfo-acaf-la-fondation-canadienne-de-la-menopause\/","title":{"rendered":"S\u00e9rie de formations sur\u00a0l\u2019EDIAR\u00a0de\u00a0l\u2019ACFO-ACAF :\u00a0La Fondation canadienne de la\u00a0m\u00e9nopause\u00a0"},"content":{"rendered":"\n<p>L&rsquo;ACFO-ACAF est&nbsp;heureuse&nbsp;d&rsquo;annoncer&nbsp;que&nbsp;la&nbsp;prochaine&nbsp;session de&nbsp;notre&nbsp;s\u00e9rie&nbsp;de formations sur&nbsp;l&rsquo;EDIAR&nbsp;est&nbsp;programm\u00e9e.&nbsp;Ces&nbsp;webinaires&nbsp;offrent&nbsp;aux&nbsp;membres&nbsp;de la&nbsp;communaut\u00e9&nbsp;CT&nbsp;l&rsquo;occasion&nbsp;d&rsquo;\u00e9changer&nbsp;et&nbsp;d&rsquo;explorer&nbsp;des&nbsp;th\u00e8mes&nbsp;li\u00e9s&nbsp;\u00e0&nbsp;l&rsquo;\u00e9quit\u00e9, la&nbsp;diversit\u00e9,&nbsp;l&rsquo;inclusion&nbsp;et la&nbsp;lutte&nbsp;contre&nbsp;le&nbsp;racisme&nbsp;(EDIAR).&nbsp;&nbsp;&nbsp;<\/p>\n\n\n\n<p>Cette s\u00e9ance sera&nbsp;anim\u00e9e&nbsp;par Brigitte Viel, de la Fondation canadienne de la&nbsp;m\u00e9nopause&nbsp;(FCM). Brigitte se&nbsp;joindra&nbsp;\u00e0 nous pour&nbsp;discuter&nbsp;de&nbsp;l&rsquo;impact&nbsp;de la&nbsp;m\u00e9nopause&nbsp;au travail. La s\u00e9ance&nbsp;offrira&nbsp;des conseils pratiques sur la mani\u00e8re&nbsp;dont&nbsp;les milieux de travail&nbsp;peuvent&nbsp;mieux&nbsp;comprendre&nbsp;et&nbsp;soutenir&nbsp;les&nbsp;personnes&nbsp;en&nbsp;p\u00e9riode&nbsp;de&nbsp;m\u00e9nopause.&nbsp;&nbsp;&nbsp;<\/p>\n\n\n\n<p>Le&nbsp;webinaire&nbsp;sera&nbsp;offert&nbsp;en&nbsp;anglais et&nbsp;en&nbsp;fran\u00e7ais le&nbsp;mercredi&nbsp;25&nbsp;f\u00e9vrier. La s\u00e9ance&nbsp;en&nbsp;anglais aura lieu de 11 h 00 \u00e0 12 h 00 HE,&nbsp;imm\u00e9diatement&nbsp;suivie&nbsp;de la s\u00e9ance&nbsp;en&nbsp;fran\u00e7ais de 12 h 00 \u00e0 13 h 00 HE. Les deux s\u00e9ances&nbsp;seront&nbsp;organis\u00e9es&nbsp;virtuellement&nbsp;sur MS Teams.&nbsp;&nbsp;&nbsp;<\/p>\n\n\n\n<p>Si vous souhaitez y participer, veuillez contacter\u00a0<a href=\"mailto:communications@acfo-acaf.com\" target=\"_blank\" rel=\"noreferrer noopener\">communications@acfo-acaf.com<\/a>\u00a0pour obtenir les liens permettant de s\u2019inscrire.<\/p>\n\n\n\n<p><\/p>\n","protected":false},"excerpt":{"rendered":"<p>L&rsquo;ACFO-ACAF est&nbsp;heureuse&nbsp;d&rsquo;annoncer&nbsp;que&nbsp;la&nbsp;prochaine&nbsp;session de&nbsp;notre&nbsp;s\u00e9rie&nbsp;de formations sur&nbsp;l&rsquo;EDIAR&nbsp;est&nbsp;programm\u00e9e.&nbsp;Ces&nbsp;webinaires&nbsp;offrent&nbsp;aux&nbsp;membres&nbsp;de la&nbsp;communaut\u00e9&nbsp;CT&nbsp;l&rsquo;occasion&nbsp;d&rsquo;\u00e9changer&nbsp;et&nbsp;d&rsquo;explorer&nbsp;des&nbsp;th\u00e8mes&nbsp;li\u00e9s&nbsp;\u00e0&nbsp;l&rsquo;\u00e9quit\u00e9, la&nbsp;diversit\u00e9,&nbsp;l&rsquo;inclusion&nbsp;et la&nbsp;lutte&nbsp;contre&nbsp;le&nbsp;racisme&nbsp;(EDIAR).&nbsp;&nbsp;&nbsp; Cette s\u00e9ance sera&nbsp;anim\u00e9e&nbsp;par Brigitte Viel, de la Fondation canadienne de la&nbsp;m\u00e9nopause&nbsp;(FCM). Brigitte [&hellip;]<\/p>\n","protected":false},"author":7,"featured_media":5871,"comment_status":"closed","ping_status":"closed","sticky":false,"template":"","format":"standard","meta":{"_acf_changed":true,"footnotes":""},"categories":[74,38],"tags":[],"class_list":["post-6731","post","type-post","status-publish","format-standard","has-post-thumbnail","hentry","category-ediar-fr","category-mise-jour","group-ct-eav-fr","group-ct-fin-fr","group-ct-iau-fr","group-nav-canada-fl-fr"],"acf":{"categories":[74,38],"groups":[30,32,34,36],"canBeFeatured":false},"_links":{"self":[{"href":"https:\/\/www.acfo-acaf.com\/fr\/wp-json\/wp\/v2\/posts\/6731","targetHints":{"allow":["GET"]}}],"collection":[{"href":"https:\/\/www.acfo-acaf.com\/fr\/wp-json\/wp\/v2\/posts"}],"about":[{"href":"https:\/\/www.acfo-acaf.com\/fr\/wp-json\/wp\/v2\/types\/post"}],"author":[{"embeddable":true,"href":"https:\/\/www.acfo-acaf.com\/fr\/wp-json\/wp\/v2\/users\/7"}],"replies":[{"embeddable":true,"href":"https:\/\/www.acfo-acaf.com\/fr\/wp-json\/wp\/v2\/comments?post=6731"}],"version-history":[{"count":0,"href":"https:\/\/www.acfo-acaf.com\/fr\/wp-json\/wp\/v2\/posts\/6731\/revisions"}],"acf:term":[{"embeddable":true,"taxonomy":"group","href":"https:\/\/www.acfo-acaf.com\/fr\/wp-json\/wp\/v2\/group\/36"},{"embeddable":true,"taxonomy":"group","href":"https:\/\/www.acfo-acaf.com\/fr\/wp-json\/wp\/v2\/group\/34"},{"embeddable":true,"taxonomy":"group","href":"https:\/\/www.acfo-acaf.com\/fr\/wp-json\/wp\/v2\/group\/32"},{"embeddable":true,"taxonomy":"group","href":"https:\/\/www.acfo-acaf.com\/fr\/wp-json\/wp\/v2\/group\/30"},{"embeddable":true,"taxonomy":"category","href":"https:\/\/www.acfo-acaf.com\/fr\/wp-json\/wp\/v2\/categories\/38"},{"embeddable":true,"taxonomy":"category","href":"https:\/\/www.acfo-acaf.com\/fr\/wp-json\/wp\/v2\/categories\/74"}],"wp:featuredmedia":[{"embeddable":true,"href":"https:\/\/www.acfo-acaf.com\/fr\/wp-json\/wp\/v2\/media\/5871"}],"wp:attachment":[{"href":"https:\/\/www.acfo-acaf.com\/fr\/wp-json\/wp\/v2\/media?parent=6731"}],"wp:term":[{"taxonomy":"category","embeddable":true,"href":"https:\/\/www.acfo-acaf.com\/fr\/wp-json\/wp\/v2\/categories?post=6731"},{"taxonomy":"post_tag","embeddable":true,"href":"https:\/\/www.acfo-acaf.com\/fr\/wp-json\/wp\/v2\/tags?post=6731"}],"curies":[{"name":"wp","href":"https:\/\/api.w.org\/{rel}","templated":true}]}}