{"id":7182,"date":"2026-08-07T17:01:05","date_gmt":"2026-08-07T17:01:05","guid":{"rendered":"https:\/\/www.acfo-acaf.com\/?p=7182"},"modified":"2026-08-07T17:01:29","modified_gmt":"2026-08-07T17:01:29","slug":"avis-preliminaire-assemblee-generale-annuelle-de-2026","status":"publish","type":"post","link":"https:\/\/www.acfo-acaf.com\/fr\/avis-preliminaire-assemblee-generale-annuelle-de-2026\/","title":{"rendered":"Avis pr\u00e9liminaire \u2013\u202fAssembl\u00e9e g\u00e9n\u00e9rale annuelle de 2026\u00a0"},"content":{"rendered":"\n<p class=\"wp-block-paragraph\">L\u2019avis pr\u00e9liminaire de convocation \u00e0 la 37e assembl\u00e9e g\u00e9n\u00e9rale annuelle (AGA) de l\u2019ACFO-ACAF est donn\u00e9 par la pr\u00e9sente conform\u00e9ment \u00e0 <a href=\"https:\/\/www.acfo-acaf.com\/fr\/reglements\/\" data-type=\"link\" data-id=\"https:\/\/www.acfo-acaf.com\/fr\/reglements\/\">l\u2019alin\u00e9a 9.13.1 du R\u00e8glement num\u00e9ro 1<\/a>. \u00a0<\/p>\n\n\n\n<p class=\"wp-block-paragraph\">&nbsp;L\u2019AGA aura lieu le&nbsp;<strong>7 octobre 2026, \u00e0 18 h 00 HE<\/strong>, au Centre Rogers (55, promenade Colonel By, Ottawa, ON K1N 9J2), dans la salle de bal Trillium, situ\u00e9e au 4e \u00e9tage.&nbsp;&nbsp;&nbsp;&nbsp;<\/p>\n\n\n\n<p class=\"wp-block-paragraph\">L\u2019assembl\u00e9e se d\u00e9roulera sous forme hybride, par cons\u00e9quent si vous ne pouvez pas y \u00eatre en personne, vous aurez l\u2019occasion d\u2019y assister en ligne.&nbsp;Les liens \u00e0 suivre pour participer \u00e0 l\u2019assembl\u00e9e seront communiqu\u00e9s avec les renseignements sur l\u2019inscription au cours des prochaines semaines.&nbsp;<\/p>\n\n\n\n<p class=\"wp-block-paragraph\">L\u2019AGA aura lieu en soir\u00e9e, apr\u00e8s le <a href=\"https:\/\/pd.acfo-acaf.com\/fr\/journees-de-perfectionnement\/symposium-des-ct\/\" data-type=\"link\" data-id=\"https:\/\/pd.acfo-acaf.com\/fr\/journees-de-perfectionnement\/symposium-des-ct\/\">Symposium des CT de 2026<\/a>.\u00a0Il y aura un cocktail entre ces deux \u00e9v\u00e9nements \u00e0 partir de 16 h 30 \u00e0 17\u00a0h\u00a045\u00a0HE, o\u00f9 vous aurez l&rsquo;occasion de r\u00e9seauter avec vos coll\u00e8gues.\u00a0\u00a0\u00a0<\/p>\n\n\n\n<h2 class=\"wp-block-heading\"><br>Propositions de\u00a0r\u00e9solutions, de modifications du r\u00e8glement\u00a0ou\u00a0d\u2019autres\u00a0points\u00a0<\/h2>\n\n\n\n<p class=\"wp-block-paragraph\">Tous les&nbsp;membres&nbsp;titulaires&nbsp;sont&nbsp;invit\u00e9s&nbsp;\u00e0 proposer des&nbsp;r\u00e9solutions, des modifications du&nbsp;r\u00e8glement&nbsp;ou&nbsp;d\u2019autres&nbsp;points&nbsp;afin&nbsp;qu\u2019ils&nbsp;soient&nbsp;soumis&nbsp;\u00e0&nbsp;l\u2019examen&nbsp;des&nbsp;membres&nbsp;\u00e0&nbsp;l\u2019AGA.<\/p>\n\n\n\n<p class=\"wp-block-paragraph\">Les propositions de r\u00e9solutions et de modifications doivent \u00eatre envoy\u00e9es par courriel \u00e0&nbsp;<a href=\"http:\/\/www.acfo-acaf.com\/fr\/\" target=\"_blank\" rel=\"noreferrer noopener\">cday@acfo-acaf.com<\/a>, au plus tard le&nbsp;<strong>mardi 18 ao\u00fbt 2026<\/strong>&nbsp;(50 jours avant l\u2019AGA conform\u00e9ment au sous-alin\u00e9a 17.2.1 a) du R\u00e8glement num\u00e9ro 1).<\/p>\n\n\n\n<h2 class=\"wp-block-heading\">Consultation\u00a0du\u00a0r\u00e8glement\u00a0de\u00a0l\u2019ACFO-ACAF\u00a0<\/h2>\n\n\n\n<p class=\"wp-block-paragraph\">Le R\u00e8glement de l&rsquo;ACFO-ACAF peut \u00eatre consult\u00e9 en utilisant <a href=\"https:\/\/www.acfo-acaf.com\/fr\/reglements\/\" data-type=\"link\" data-id=\"https:\/\/www.acfo-acaf.com\/fr\/reglements\/\">ce lien<\/a>.<\/p>\n\n\n\n<h2 class=\"wp-block-heading\"><br>Consultation de la trousse d\u2019information de l\u2019AGA<\/h2>\n\n\n\n<p class=\"wp-block-paragraph\">Des copies du rapport&nbsp;annuel, du budget, des&nbsp;r\u00e9solutions&nbsp;\u00e0 examiner et de la&nbsp;proc\u00e9dure&nbsp;de vote&nbsp;seront&nbsp;mises \u00e0 la disposition des&nbsp;membres&nbsp;par&nbsp;voie&nbsp;\u00e9lectronique&nbsp;au plus tard le&nbsp;<strong>mercredi&nbsp;16&nbsp;septembre&nbsp;2026<\/strong>&nbsp;(21&nbsp;jours&nbsp;avant&nbsp;l\u2019AGA,&nbsp;conform\u00e9ment&nbsp;au sous-alin\u00e9a&nbsp;17.2.1 b) du&nbsp;R\u00e8glement&nbsp;num\u00e9ro&nbsp;1).&nbsp;&nbsp;&nbsp;<\/p>\n\n\n\n<h2 class=\"wp-block-heading\">\u00c9lections\u00a0<\/h2>\n\n\n\n<p class=\"wp-block-paragraph\">\u00c0 l\u2019AGA de 2026, une \u00e9lection aura lieu pour les postes suivants du conseil d\u2019administration :&nbsp;&nbsp;&nbsp;<\/p>\n\n\n\n<ul class=\"wp-block-list\">\n<li>Administrateur\u00a0g\u00e9n\u00e9ral\/administratrice\u00a0CT-FIN (x1),\u00a0mandat\u00a0de quatre\u00a0ans\u00a0\u00a0\u00a0<\/li>\n\n\n\n<li>Administrateur\u00a0g\u00e9n\u00e9ral\/administratrice\u00a0CT-EAV (x1),\u00a0mandat\u00a0de quatre\u00a0ans\u00a0\u00a0\u00a0<\/li>\n\n\n\n<li>Administrateur g\u00e9n\u00e9ral\/administratrice CT-IAU (x1),\u00a0mandat de quatre ans\u00a0\u00a0\u00a0<\/li>\n<\/ul>\n\n\n\n<p class=\"wp-block-paragraph\">Conform\u00e9ment \u00e0 l\u2019alin\u00e9a 6.3.1 du R\u00e8glement num\u00e9ro 1\u202f: \u00ab Pour \u00eatre \u00e9ligible \u00e0 un poste d\u2019administrateur, il faut \u00eatre membre titulaire&nbsp;&#8230; ,&nbsp;en r\u00e8gle de l\u2019Association, ou d\u2019un syndicat remplac\u00e9 par celle-ci, pour une p\u00e9riode d\u2019au moins deux (2) ans cons\u00e9cutifs. \u00bb&nbsp;<\/p>\n\n\n\n<p class=\"wp-block-paragraph\">Les candidatures doivent \u00eatre pr\u00e9sent\u00e9es par courriel \u00e0&nbsp;<a href=\"mailto:cday@acfo-acaf.com\" rel=\"noreferrer noopener\" target=\"_blank\">cday@acfo-acaf.com<\/a>&nbsp;au plus tard le&nbsp;<strong>mardi 18 ao\u00fbt 2026<\/strong>.&nbsp;&nbsp;&nbsp;<\/p>\n\n\n\n<ul class=\"wp-block-list\">\n<li><a href=\"https:\/\/www.acfo-acaf.com\/wp-content\/uploads\/2026\/07\/ACFO-BoardDuties-2026.pdf\" data-type=\"link\" data-id=\"https:\/\/www.acfo-acaf.com\/wp-content\/uploads\/2026\/07\/ACFO-BoardDuties-2026.pdf\">Obligations et responsabilit\u00e9s de l\u2019administrateur\/administratrice\u00a0<\/a><\/li>\n\n\n\n<li><a href=\"https:\/\/www.acfo-acaf.com\/wp-content\/uploads\/2026\/07\/ACAF-ModeleDeNomination-2026.pdf\" data-type=\"link\" data-id=\"https:\/\/www.acfo-acaf.com\/wp-content\/uploads\/2026\/07\/ACAF-ModeleDeNomination-2026.pdf\">Mod\u00e8le\u00a0de\u00a0lettre\u00a0de mise\u00a0en\u00a0candidature\u00a0<\/a><\/li>\n\n\n\n<li>Dans le cadre d&rsquo;un projet pilote, les candidats auront la possibilit\u00e9 d&rsquo;enregistrer un bref message vid\u00e9o qui accompagnera leur biographie \u00e9crite dans le dossier de l&rsquo;AGA. Un repr\u00e9sentant de l&rsquo;ACFO-ACAF prendra contact avec les candidats une fois leur candidature d\u00e9pos\u00e9e afin d&rsquo;organiser l&rsquo;enregistrement.<\/li>\n<\/ul>\n\n\n\n<h2 class=\"wp-block-heading\">Pr\u00e9sence \u00e0\u00a0l\u2019AGA\u202f\u00a0<\/h2>\n\n\n\n<p class=\"wp-block-paragraph\">Les inscriptions \u00e0 l\u2019AGA ouvriront le&nbsp;<strong>mercredi 16 septembre<\/strong>. Un courriel contenant l\u2019ordre du jour et les instructions pour l\u2019inscription sera envoy\u00e9 \u00e0 tous les membres.&nbsp;&nbsp;&nbsp;<\/p>\n\n\n\n<h2 class=\"wp-block-heading\">Pour plus\u00a0d&rsquo;informations\u00a0\u00a0<\/h2>\n\n\n\n<p class=\"wp-block-paragraph\">Si vous souhaitez avoir plus d\u2019information ou si vous avez besoin d\u2019aide concernant ce qui pr\u00e9c\u00e8de, veuillez communiquer avec la directrice administrative de l\u2019ACFO-ACAF, Catherine Day, en lui envoyant un courriel \u00e0&nbsp;<a href=\"http:\/\/www.acfo-acaf.com\/fr\/\" target=\"_blank\" rel=\"noreferrer noopener\">cday@acfo-acaf.com<\/a>&nbsp;ou en t\u00e9l\u00e9phonant au num\u00e9ro sans frais 1\u2011877\u2011728\u20110695, poste 224 ou au num\u00e9ro local 613\u2011728\u20110695.<\/p>\n","protected":false},"excerpt":{"rendered":"<p>L\u2019avis pr\u00e9liminaire de convocation \u00e0 la 37e assembl\u00e9e g\u00e9n\u00e9rale annuelle (AGA) de l\u2019ACFO-ACAF est donn\u00e9 par la pr\u00e9sente conform\u00e9ment \u00e0 [&hellip;]<\/p>\n","protected":false},"author":7,"featured_media":7180,"comment_status":"closed","ping_status":"closed","sticky":false,"template":"","format":"standard","meta":{"_acf_changed":false,"footnotes":""},"categories":[38],"tags":[],"class_list":["post-7182","post","type-post","status-publish","format-standard","has-post-thumbnail","hentry","category-mise-jour","group-cdc-finance","group-ct-eav-fr","group-ct-fin-fr","group-ct-iau-fr","group-nav-canada-fl-fr"],"acf":{"categories":[38],"groups":[93,30,32,34,36],"canBeFeatured":false},"_links":{"self":[{"href":"https:\/\/www.acfo-acaf.com\/fr\/wp-json\/wp\/v2\/posts\/7182","targetHints":{"allow":["GET"]}}],"collection":[{"href":"https:\/\/www.acfo-acaf.com\/fr\/wp-json\/wp\/v2\/posts"}],"about":[{"href":"https:\/\/www.acfo-acaf.com\/fr\/wp-json\/wp\/v2\/types\/post"}],"author":[{"embeddable":true,"href":"https:\/\/www.acfo-acaf.com\/fr\/wp-json\/wp\/v2\/users\/7"}],"replies":[{"embeddable":true,"href":"https:\/\/www.acfo-acaf.com\/fr\/wp-json\/wp\/v2\/comments?post=7182"}],"version-history":[{"count":4,"href":"https:\/\/www.acfo-acaf.com\/fr\/wp-json\/wp\/v2\/posts\/7182\/revisions"}],"predecessor-version":[{"id":7186,"href":"https:\/\/www.acfo-acaf.com\/fr\/wp-json\/wp\/v2\/posts\/7182\/revisions\/7186"}],"acf:term":[{"embeddable":true,"taxonomy":"group","href":"https:\/\/www.acfo-acaf.com\/fr\/wp-json\/wp\/v2\/group\/36"},{"embeddable":true,"taxonomy":"group","href":"https:\/\/www.acfo-acaf.com\/fr\/wp-json\/wp\/v2\/group\/34"},{"embeddable":true,"taxonomy":"group","href":"https:\/\/www.acfo-acaf.com\/fr\/wp-json\/wp\/v2\/group\/32"},{"embeddable":true,"taxonomy":"group","href":"https:\/\/www.acfo-acaf.com\/fr\/wp-json\/wp\/v2\/group\/30"},{"embeddable":true,"taxonomy":"group","href":"https:\/\/www.acfo-acaf.com\/fr\/wp-json\/wp\/v2\/group\/93"},{"embeddable":true,"taxonomy":"category","href":"https:\/\/www.acfo-acaf.com\/fr\/wp-json\/wp\/v2\/categories\/38"}],"wp:featuredmedia":[{"embeddable":true,"href":"https:\/\/www.acfo-acaf.com\/fr\/wp-json\/wp\/v2\/media\/7180"}],"wp:attachment":[{"href":"https:\/\/www.acfo-acaf.com\/fr\/wp-json\/wp\/v2\/media?parent=7182"}],"wp:term":[{"taxonomy":"category","embeddable":true,"href":"https:\/\/www.acfo-acaf.com\/fr\/wp-json\/wp\/v2\/categories?post=7182"},{"taxonomy":"post_tag","embeddable":true,"href":"https:\/\/www.acfo-acaf.com\/fr\/wp-json\/wp\/v2\/tags?post=7182"}],"curies":[{"name":"wp","href":"https:\/\/api.w.org\/{rel}","templated":true}]}}